{"id":26312,"date":"2019-04-06T10:56:43","date_gmt":"2019-04-06T14:56:43","guid":{"rendered":"https:\/\/linitiative.ca\/International\/87725-federation-algerienne-de-tir-sportif-les-dates-des-assemblees-generales-fixees\/"},"modified":"2019-04-06T10:56:43","modified_gmt":"2019-04-06T14:56:43","slug":"87725-federation-algerienne-de-tir-sportif-les-dates-des-assemblees-generales-fixees","status":"publish","type":"post","link":"https:\/\/linitiative.ca\/International\/87725-federation-algerienne-de-tir-sportif-les-dates-des-assemblees-generales-fixees\/","title":{"rendered":"F\u00e9d\u00e9ration alg\u00e9rienne de tir sportif: les dates des Assembl\u00e9es g\u00e9n\u00e9rales fix\u00e9es"},"content":{"rendered":"<div>\n<div class=\"K2FeedImage\"><img decoding=\"async\" src=\"http:\/\/www.aps.dz\/media\/k2\/items\/cache\/4bac3e5e8207f0a3db0a349b1bd66ede_S.jpg\" alt=\"F\u00e9d\u00e9ration alg\u00e9rienne de tir sportif: les dates des Assembl\u00e9es g\u00e9n\u00e9rales fix\u00e9es\"><\/div>\n<div class=\"K2FeedIntroText\">\n<p><strong>ALGER &#8211; La F\u00e9d\u00e9ration alg\u00e9rienne de tir sportif (FATS), r\u00e9unie samedi \u00e0 Alger, a fix\u00e9 les dates des deux prochaines assembl\u00e9es g\u00e9n\u00e9rales de l&rsquo;instance, destin\u00e9es tout d&rsquo;abord \u00e0 installer les commissions de candidatures et de recours, puis \u00e0 \u00e9lire un nouveau pr\u00e9sident pour la FATS, en remplacement de Ali Hamlat.<\/strong><\/p>\n<\/div>\n<div class=\"K2FeedFullText\">\n<p>Ces deux Assembl\u00e9es se tiendront \u00e0 la Maison des F\u00e9d\u00e9rations de Dely-Ibrahim (Alger). La premi\u00e8re, qui servira \u00e0 l&rsquo;installation des commissions de candidatures et de recours se tiendra le samedi 13 avril, alors que la suivante, qui sera a caract\u00e8re extraordinaire, servira \u00e0 l&rsquo;\u00e9lection d&rsquo;un nouveau pr\u00e9sident et elle se tiendra le samedi le 20 avril.<\/p>\n<p>\u00ab\u00a0C&rsquo;est le minist\u00e8re de la Jeunesse et des Sports (MJS) qui m&rsquo;a charg\u00e9 de r\u00e9gulariser la situation de la F\u00e9d\u00e9ration alg\u00e9rienne de tir sportif. J&rsquo;ai commenc\u00e9 par m&rsquo;entretenir avec diff\u00e9rents membres de l&rsquo;assembl\u00e9e g\u00e9n\u00e9rale, pour comprendre ce qui s&rsquo;est pass\u00e9 pendant les deux derni\u00e8res ann\u00e9es, tout en prenant connaissance de leurs dol\u00e9ances, et c&rsquo;est \u00e0 partir de l\u00e0 que j&rsquo;ai pu agir\u00a0\u00bb a expliqu\u00e9 \u00e0 l&rsquo;APS le secr\u00e9taire g\u00e9n\u00e9ral par int\u00e9rim de la FATS, Abdelkrim Medjhoum.<\/p>\n<p>\u00ab\u00a0J&rsquo;ai profit\u00e9 de ma discussion avec certains membres de l&rsquo;assembl\u00e9e pour leur conseiller de se r\u00e9unir au moins une fois tous les deux mois, en discutant r\u00e9guli\u00e8rement avec les Ligues et les clubs pour essayer de relancer cette discipline qui, faut-il le rappeler, est \u00e0 l&rsquo;arr\u00eat depuis deux ans\u00a0\u00bb a jout\u00e9 le m\u00eame responsable, en assurant que le nouveau pr\u00e9sident et les membres du son bureau seront \u00e9lus suivant les r\u00e8glements en vigueur.<\/p>\n<p>Les membres de la FATS avaient rejet\u00e9 les bilans moral et financier de l&rsquo;exercice 2017, lors de l&rsquo;assembl\u00e9e g\u00e9n\u00e9rale ordinaire (AGO) tenue le 27 f\u00e9vrier dernier \u00e0 la Maison des F\u00e9d\u00e9rations de Dely-Ibrahim (Alger).<\/p>\n<p>\u00ab\u00a0Ce rejet a \u00e9t\u00e9 motiv\u00e9 par le fait qu&rsquo;aucune comp\u00e9tition n&rsquo;a \u00e9t\u00e9 organis\u00e9e au cours des deux derni\u00e8res ann\u00e9es\u00a0\u00bb avait expliqu\u00e9 le Pr\u00e9sident de la Ligue de Batna, Mahmoud Djabri.<\/p>\n<p>Un refus qui a imm\u00e9diatement provoqu\u00e9 le d\u00e9part de l&rsquo;ancien pr\u00e9sident, Ali Hamlat, car l&rsquo;article 30 d\u00e8s r\u00e8glements en vigueur stipule qu&rsquo;en cas de rejet des bilans moral et financier, la mission de l&rsquo;ancien bureau prenait aussit\u00f4t fin.<\/p>\n<p>D\u00e8s son installation \u00e0 la t\u00eate de la FATS, Hamlat a connu de nombreux conflits avec les membres de son bureau f\u00e9d\u00e9ral, dont sept sur les huit qui le composent ont sollicit\u00e9 le 14 janvier 2018 \u00e0 ce que la confiance lui soit retir\u00e9e, pour \u00ab\u00a0mauvaise gestion\u00a0\u00bb.<\/p>\n<\/div>\n<p><img loading=\"lazy\" decoding=\"async\" src=\"http:\/\/feeds.feedburner.com\/~r\/aps-sport\/~4\/Il__on7NvaI\" height=\"1\" width=\"1\" alt=\"\"><\/div>\n<p>Auteur:<br \/>\n<a href=\"http:\/\/www.aps.dz\/sport\/87725-federation-algerienne-de-tir-sportif-les-dates-des-assemblees-generales-fixees?utm_source=feedburner&#038;utm_medium=feed&#038;utm_campaign=Feed%3A+aps-sport+%28APS+-+SPORT%29\">Cliquez ici pour lire l&rsquo;article depuis sa source.<\/a><\/p>\n","protected":false},"excerpt":{"rendered":"<p>ALGER &#8211; La F\u00e9d\u00e9ration alg\u00e9rienne de tir sportif (FATS), r\u00e9unie samedi \u00e0 Alger, a fix\u00e9 les dates des deux prochaines assembl\u00e9es g\u00e9n\u00e9rales de l&rsquo;instance, destin\u00e9es tout d&rsquo;abord \u00e0 installer les commissions de candidatures et de recours, puis \u00e0 \u00e9lire un nouveau pr\u00e9sident pour la FATS, en remplacement de Ali Hamlat. Ces deux Assembl\u00e9es se tiendront [&hellip;]<\/p>\n","protected":false},"author":1790,"featured_media":26313,"comment_status":"closed","ping_status":"closed","sticky":false,"template":"","format":"standard","meta":{"fifu_image_url":"","fifu_image_alt":"","footnotes":""},"categories":[53,75],"tags":[],"class_list":["post-26312","post","type-post","status-publish","format-standard","has-post-thumbnail","hentry","category-algerie","category-sport"],"_links":{"self":[{"href":"https:\/\/linitiative.ca\/International\/wp-json\/wp\/v2\/posts\/26312","targetHints":{"allow":["GET"]}}],"collection":[{"href":"https:\/\/linitiative.ca\/International\/wp-json\/wp\/v2\/posts"}],"about":[{"href":"https:\/\/linitiative.ca\/International\/wp-json\/wp\/v2\/types\/post"}],"author":[{"embeddable":true,"href":"https:\/\/linitiative.ca\/International\/wp-json\/wp\/v2\/users\/1790"}],"replies":[{"embeddable":true,"href":"https:\/\/linitiative.ca\/International\/wp-json\/wp\/v2\/comments?post=26312"}],"version-history":[{"count":0,"href":"https:\/\/linitiative.ca\/International\/wp-json\/wp\/v2\/posts\/26312\/revisions"}],"wp:featuredmedia":[{"embeddable":true,"href":"https:\/\/linitiative.ca\/International\/wp-json\/"}],"wp:attachment":[{"href":"https:\/\/linitiative.ca\/International\/wp-json\/wp\/v2\/media?parent=26312"}],"wp:term":[{"taxonomy":"category","embeddable":true,"href":"https:\/\/linitiative.ca\/International\/wp-json\/wp\/v2\/categories?post=26312"},{"taxonomy":"post_tag","embeddable":true,"href":"https:\/\/linitiative.ca\/International\/wp-json\/wp\/v2\/tags?post=26312"}],"curies":[{"name":"wp","href":"https:\/\/api.w.org\/{rel}","templated":true}]}}