{"id":26320,"date":"2019-04-06T12:59:06","date_gmt":"2019-04-06T16:59:06","guid":{"rendered":"https:\/\/linitiative.ca\/International\/87734-semi-marathon-le-championnat-d-algerie-2019-sera-jumele-avec-le-national-de-mila\/"},"modified":"2019-04-06T12:59:06","modified_gmt":"2019-04-06T16:59:06","slug":"87734-semi-marathon-le-championnat-d-algerie-2019-sera-jumele-avec-le-national-de-mila","status":"publish","type":"post","link":"https:\/\/linitiative.ca\/International\/87734-semi-marathon-le-championnat-d-algerie-2019-sera-jumele-avec-le-national-de-mila\/","title":{"rendered":"Semi-marathon: le Championnat d&rsquo;Alg\u00e9rie 2019 sera jumel\u00e9 avec le National de Mila"},"content":{"rendered":"<div>\n<div class=\"K2FeedIntroText\">\n<p><strong>ALGER &#8211; Le Championnat d&rsquo;Alg\u00e9rie de semi-marathon \u00ab\u00a0Abdelmadjid Mada\u00a0\u00bb sera jumel\u00e9 avec la 3e \u00e9dition du semi-marathon \u00ab\u00a0Chelghoum-La\u00efd\u00a0\u00bb de Mila, le matin du 13 avril 2019 \u00e0 Tadjenanet (Est), a-t-on appris samedi aupr\u00e8s de la F\u00e9d\u00e9ration alg\u00e9rienne d&rsquo;athl\u00e9tisme (FAA).<\/strong><\/p>\n<\/div>\n<div class=\"K2FeedFullText\">\n<p>\u00ab\u00a0Le coup d&rsquo;envoi de ces deux comp\u00e9titions sera donn\u00e9 vers 8h30, sur une distance de 21,098 km\u00a0\u00bb a pr\u00e9cis\u00e9 l&rsquo;instance f\u00e9d\u00e9rale dans un communiqu\u00e9, en rappelant que \u00ab\u00a0la participation est ouverte m\u00eame aux athl\u00e8tes non licenci\u00e9s\u00a0\u00bb, sous pr\u00e9sentation d&rsquo;un certificat m\u00e9dical, portant la mention apte \u00e0 courir.<\/p>\n<p>Outre les seniors, \u00e2g\u00e9s entre 18 et 39 ans, les v\u00e9t\u00e9rans pourront \u00e9galement \u00eatre de la partie, et concourront dans trois cat\u00e9gories diff\u00e9rentes, \u00e0 savoir : celles des 40-49 ans, 50-59 ans et celle des 60 ans et plus.<\/p>\n<p>\u00ab\u00a0Le dernier d\u00e9lai pour confirmer l&rsquo;engagement est fix\u00e9 au mercredi 11 avril 2019\u00a0\u00bb a encore pr\u00e9cis\u00e9 la FAA, en rappelant aux clubs qu&rsquo;ils \u00ab\u00a0peuvent engager autant d&rsquo;athl\u00e8tes qu&rsquo;ils le souhaitent, par sexe et par cat\u00e9gorie d&rsquo;\u00e2ge\u00a0\u00bb, contrairement \u00e0 \u00ab\u00a0l&rsquo;engagement par \u00e9quipes\u00a0\u00bb, qui lui se fera de mani\u00e8re nominative.<\/p>\n<p>\u00ab\u00a0Le classement de l&rsquo;\u00e9preuve \u00ab\u00a0par \u00e9quipes\u00a0\u00bb se fera sur la base des trois premiers class\u00e9s, aussi bien chez les messieurs que chez les dames\u00a0\u00bb a-t-on encore expliqu\u00e9 de m\u00eames sources.<\/p>\n<p>Pour mettre les participants dans des conditions optimales, les organisateurs ont promis d&rsquo;installer des points de ravitaillement tous les 2,5 km.<\/p>\n<\/div>\n<p><img loading=\"lazy\" decoding=\"async\" src=\"http:\/\/feeds.feedburner.com\/~r\/aps-sport\/~4\/2vRqzRwfbK4\" height=\"1\" width=\"1\" alt=\"\"><\/div>\n<p>Auteur:<br \/>\n<a href=\"http:\/\/www.aps.dz\/sport\/87734-semi-marathon-le-championnat-d-algerie-2019-sera-jumele-avec-le-national-de-mila?utm_source=feedburner&#038;utm_medium=feed&#038;utm_campaign=Feed%3A+aps-sport+%28APS+-+SPORT%29\">Cliquez ici pour lire l&rsquo;article depuis sa source.<\/a><\/p>\n","protected":false},"excerpt":{"rendered":"<p>ALGER &#8211; Le Championnat d&rsquo;Alg\u00e9rie de semi-marathon \u00ab\u00a0Abdelmadjid Mada\u00a0\u00bb sera jumel\u00e9 avec la 3e \u00e9dition du semi-marathon \u00ab\u00a0Chelghoum-La\u00efd\u00a0\u00bb de Mila, le matin du 13 avril 2019 \u00e0 Tadjenanet (Est), a-t-on appris samedi aupr\u00e8s de la F\u00e9d\u00e9ration alg\u00e9rienne d&rsquo;athl\u00e9tisme (FAA). \u00ab\u00a0Le coup d&rsquo;envoi de ces deux comp\u00e9titions sera donn\u00e9 vers 8h30, sur une distance de 21,098 [&hellip;]<\/p>\n","protected":false},"author":1790,"featured_media":0,"comment_status":"closed","ping_status":"closed","sticky":false,"template":"","format":"standard","meta":{"fifu_image_url":"","fifu_image_alt":"","footnotes":""},"categories":[53,75],"tags":[],"class_list":["post-26320","post","type-post","status-publish","format-standard","hentry","category-algerie","category-sport"],"_links":{"self":[{"href":"https:\/\/linitiative.ca\/International\/wp-json\/wp\/v2\/posts\/26320","targetHints":{"allow":["GET"]}}],"collection":[{"href":"https:\/\/linitiative.ca\/International\/wp-json\/wp\/v2\/posts"}],"about":[{"href":"https:\/\/linitiative.ca\/International\/wp-json\/wp\/v2\/types\/post"}],"author":[{"embeddable":true,"href":"https:\/\/linitiative.ca\/International\/wp-json\/wp\/v2\/users\/1790"}],"replies":[{"embeddable":true,"href":"https:\/\/linitiative.ca\/International\/wp-json\/wp\/v2\/comments?post=26320"}],"version-history":[{"count":0,"href":"https:\/\/linitiative.ca\/International\/wp-json\/wp\/v2\/posts\/26320\/revisions"}],"wp:attachment":[{"href":"https:\/\/linitiative.ca\/International\/wp-json\/wp\/v2\/media?parent=26320"}],"wp:term":[{"taxonomy":"category","embeddable":true,"href":"https:\/\/linitiative.ca\/International\/wp-json\/wp\/v2\/categories?post=26320"},{"taxonomy":"post_tag","embeddable":true,"href":"https:\/\/linitiative.ca\/International\/wp-json\/wp\/v2\/tags?post=26320"}],"curies":[{"name":"wp","href":"https:\/\/api.w.org\/{rel}","templated":true}]}}