{"id":26322,"date":"2019-04-06T13:36:00","date_gmt":"2019-04-06T17:36:00","guid":{"rendered":"https:\/\/linitiative.ca\/International\/ramadhan-2019-la-nuit-du-doute-prevue-le-5-mai\/"},"modified":"2019-04-06T13:36:00","modified_gmt":"2019-04-06T17:36:00","slug":"ramadhan-2019-la-nuit-du-doute-prevue-le-5-mai","status":"publish","type":"post","link":"https:\/\/linitiative.ca\/International\/ramadhan-2019-la-nuit-du-doute-prevue-le-5-mai\/","title":{"rendered":"RAMADHAN 2019 : La nuit du doute pr\u00e9vue le 5 mai"},"content":{"rendered":"<p><br id=\"sep_para_1\" class=\"sep_para access\"\/><\/p>\n<div id=\"para_1\" class=\"para_30222245 resize\">\n<div class=\"photo shadow left\"><a href=\"javascript:void(0)\" rel=\"https:\/\/www.reflexiondz.net\/photo\/art\/grande\/32410529-30222245.jpg?v=1554578190&#038;ibox\" title=\"RAMADHAN 2019 : La nuit du doute pr\u00e9vue le 5 mai\"><img decoding=\"async\" class=\"responsive c9\" src=\"https:\/\/www.reflexiondz.net\/photo\/art\/grande\/32410529-30222245.jpg?v=1554578190\" alt=\"RAMADHAN 2019 : La nuit du doute pr\u00e9vue le 5 mai\" title=\"RAMADHAN 2019 : La nuit du doute pr\u00e9vue le 5 mai\"\/><img decoding=\"async\" class=\"not-responsive\" src=\"https:\/\/www.reflexiondz.net\/photo\/art\/default\/32410529-30222245.jpg?v=1554578192\" alt=\"RAMADHAN 2019 : La nuit du doute pr\u00e9vue le 5 mai\" title=\"RAMADHAN 2019 : La nuit du doute pr\u00e9vue le 5 mai\"\/><\/a><\/div>\n<div class=\"texte access firstletter\">Le minist\u00e8re des Affaires religieuses et des Wakfs a annonc\u00e9 ce samedi 6 mars que le dimanche 7 avril 2019 co\u00efncide avec le\u00a0 1er du mois de cha\u00e2bane de l\u2019ann\u00e9e 1440 de l\u2019H\u00e9gire. A cet effet, la nuit du doute pour l\u2019observation du croissant lunaire annon\u00e7ant le premier jour du mois sacr\u00e9 de Ramadhan 1440 \/2019 est pr\u00e9vue le dimanche 29 cha\u00e2bane qui co\u00efncidera avec le 05 mai 2019, pr\u00e9cise la m\u00eame source.\u00a0\u00a0<\/div>\n<\/div>\n<p>Auteur: Ismain<br \/>\n<a href=\"https:\/\/www.reflexiondz.net\/RAMADHAN-2019-La-nuit-du-doute-prevue-le-5-mai_a55273.html\">Cliquez ici pour lire l&rsquo;article depuis sa source.<\/a><\/p>\n","protected":false},"excerpt":{"rendered":"<p>Le minist\u00e8re des Affaires religieuses et des Wakfs a annonc\u00e9 ce samedi 6 mars que le dimanche 7 avril 2019 co\u00efncide avec le\u00a0 1er du mois de cha\u00e2bane de l\u2019ann\u00e9e 1440 de l\u2019H\u00e9gire. A cet effet, la nuit du doute pour l\u2019observation du croissant lunaire annon\u00e7ant le premier jour du mois sacr\u00e9 de Ramadhan 1440 [&hellip;]<\/p>\n","protected":false},"author":1740,"featured_media":0,"comment_status":"closed","ping_status":"closed","sticky":false,"template":"","format":"standard","meta":{"fifu_image_url":"","fifu_image_alt":"","footnotes":""},"categories":[53,76],"tags":[],"class_list":["post-26322","post","type-post","status-publish","format-standard","hentry","category-algerie","category-regions"],"_links":{"self":[{"href":"https:\/\/linitiative.ca\/International\/wp-json\/wp\/v2\/posts\/26322","targetHints":{"allow":["GET"]}}],"collection":[{"href":"https:\/\/linitiative.ca\/International\/wp-json\/wp\/v2\/posts"}],"about":[{"href":"https:\/\/linitiative.ca\/International\/wp-json\/wp\/v2\/types\/post"}],"author":[{"embeddable":true,"href":"https:\/\/linitiative.ca\/International\/wp-json\/wp\/v2\/users\/1740"}],"replies":[{"embeddable":true,"href":"https:\/\/linitiative.ca\/International\/wp-json\/wp\/v2\/comments?post=26322"}],"version-history":[{"count":0,"href":"https:\/\/linitiative.ca\/International\/wp-json\/wp\/v2\/posts\/26322\/revisions"}],"wp:attachment":[{"href":"https:\/\/linitiative.ca\/International\/wp-json\/wp\/v2\/media?parent=26322"}],"wp:term":[{"taxonomy":"category","embeddable":true,"href":"https:\/\/linitiative.ca\/International\/wp-json\/wp\/v2\/categories?post=26322"},{"taxonomy":"post_tag","embeddable":true,"href":"https:\/\/linitiative.ca\/International\/wp-json\/wp\/v2\/tags?post=26322"}],"curies":[{"name":"wp","href":"https:\/\/api.w.org\/{rel}","templated":true}]}}