{"id":26323,"date":"2019-04-06T13:36:00","date_gmt":"2019-04-06T17:36:00","guid":{"rendered":"https:\/\/linitiative.ca\/International\/el-hirak-na-pas-besoin-de-zorro\/"},"modified":"2019-04-06T13:36:00","modified_gmt":"2019-04-06T17:36:00","slug":"el-hirak-na-pas-besoin-de-zorro","status":"publish","type":"post","link":"https:\/\/linitiative.ca\/International\/el-hirak-na-pas-besoin-de-zorro\/","title":{"rendered":"\u2018\u2019El Hirak \u2018\u2019n\u2019a pas besoin de \u2018\u2019Zorro\u2019\u2019!"},"content":{"rendered":"<p><br id=\"sep_para_1\" class=\"sep_para access\"\/><\/p>\n<div id=\"para_1\" class=\"para_30222242 resize\">\n<div class=\"texte access firstletter\">Finalement, l\u2019opportunisme\u00a0 tend toujours\u00a0 \u00e0 se frayer\u00a0 un chemin au sein de la protesta populaire d\u00e9clench\u00e9e depuis le 22 F\u00e9vrier dernier, et voil\u00e0\u00a0 que\u00a0 beaucoup de\u2019\u2019 Garcia\u2019\u2019, sans trop attendre , se posent d\u00e9j\u00e0 des questions sur la repr\u00e9sentativit\u00e9,\u00a0 et tiennent \u00e0 se faire distinguer, en recourant \u00e0 tant de subterfuges pour\u00a0 jouer\u00a0 au futur \u2018\u2019Zorro\u2019\u2019 d\u2019\u2019 El Hirak\u2019\u2019 qui bat le pav\u00e9 d\u2019un\u00a0 vendredi \u00e0 un autre, en r\u00e9clamant une r\u00e9publique o\u00f9 seul le peuple\u00a0 est souverain. Malheureusement, ces derniers, toute honte bue, apr\u00e8s avoir\u00a0 mang\u00e9\u00a0 \u00e0 tous les r\u00e2teliers, d\u00e9fendu\u00a0 bec et ongles tous les mandats successifs\u00a0 du pr\u00e9sident\u00a0 qui vient de se retirer de la course d\u2019un cinqui\u00e8me mandat en\u00a0 demandant\u00a0 pardon au peuple apr\u00e8s une vingtaine d\u2019ann\u00e9es, cautionn\u00e9 toutes les bavures commises\u00a0 au nom de la loi du plus fort, amass\u00e9 tant de milliards\u00a0 sans trop suer, tentent\u00a0 de nouveau et encore de\u00a0 se refaire une nouvelle virginit\u00e9,\u00a0 se pr\u00e9senter\u00a0 en sauveur de l\u2019Alg\u00e9rie\u2026.. Qu\u2019ils se rassurent, \u2018\u2019El Hirak\u2019\u2019 ne semble pas avoir\u00a0 besoin de tuteur, il sait se faire guider,\u00a0 a pris de l\u2019\u00e2ge avec ce septi\u00e8me vendredi, et a appris toutes les le\u00e7ons\u2026.\u00a0 Ses slogans\u00a0 sont plus\u00a0 limpides que l\u2019eau de source, il ne r\u00e9clame que le d\u00e9part de tous ceux\u00a0 qui ont magouill\u00e9, nag\u00e9\u00a0 dans les eaux troubles, dilapid\u00e9\u00a0 les deniers publics, se sont servis sans trop servir\u2026.Ceux qui voyagent en jets priv\u00e9s, d\u00e9jeunent \u00e0 Paris, prennent les repas de midi\u00a0 \u00e0 Londres, et dinent aux chandelles en Lausanne\u2026. Ceux qui ont des yachts\u00a0 et qui se bronzent sous tous les soleils du monde\u00a0 sans\u00a0 trop\u00a0 s\u2019inqui\u00e9ter\u00a0 des d\u00e9penses\u00a0 si faramineuses. \u2018\u2019El Hirak\u2019\u2019 saura\u00a0 choisir son \u2018\u2019Zorro\u2019\u2019, ses rangs\u00a0 en disposent \u00e0 la douzaine, l\u2019heure\u00a0 est plut\u00f4t aux exigences et \u00e0 pr\u00e9sent, il appelle \u00e0 faire tomber les t\u00eates\u00a0 qui ont ruin\u00e9 le pays, mis au pas une justice\u00a0 qui se lib\u00e8re et\u00a0 \u00e9touffer \u00e0 jamais\u00a0 la libert\u00e9 d\u2019expression\u00a0 qui reprend son \u00e9lan\u00a0 \u2026.Aujourd\u2019hui, il r\u00e8gle ses comptes \u00e0 sa fa\u00e7on de fin de semaine en fin semaine, les jours\u00a0 \u00e0 venir d\u00e9cideront\u00a0 de\u00a0 son \u2018\u2019Zorro\u2019\u2019, sa feuille de route ne lui permet pas ce choix\u00a0 \u00e0 pr\u00e9sent, le plancher qu\u2019il revendique est plein de vermines et\u00a0 il faut bien l\u2019assainir et surtout\u00a0 ne rien garder\u00a0 de ses\u00a0 fripouilles\u2026. On ne peut faire du neuf avec\u00a0 du vieux, car le bons sens et la logique\u00a0 l\u2019exige et l\u2019impose ! Les 20 millions qui marchent le souhaitent \u00e9galement et\u00a0 de tout c\u0153ur,\u00a0 toute immixtion dans le tableau\u00a0 de bord d\u2019\u2019El Hirak\u2019\u2019 ne peut \u00eatre que vaine\u00a0 et la malvenue, il ne cesse de le r\u00e9clamer d\u2019un vendredi \u00e0 l\u2019autre, alors,\u00a0 pr\u00e9tendus sauveurs,\u00a0 gardez\u00a0 vos propositions d\u00e9su\u00e8tes\u00a0 ou taisez-vous en attendant\u00a0 votre tour !<\/div>\n<\/div>\n<p>Auteur: L.Ammar<br \/>\n<a href=\"https:\/\/www.reflexiondz.net\/El-Hirak-n-a-pas-besoin-de-Zorro-_a55272.html\">Cliquez ici pour lire l&rsquo;article depuis sa source.<\/a><\/p>\n","protected":false},"excerpt":{"rendered":"<p>Finalement, l\u2019opportunisme\u00a0 tend toujours\u00a0 \u00e0 se frayer\u00a0 un chemin au sein de la protesta populaire d\u00e9clench\u00e9e depuis le 22 F\u00e9vrier dernier, et voil\u00e0\u00a0 que\u00a0 beaucoup de\u2019\u2019 Garcia\u2019\u2019, sans trop attendre , se posent d\u00e9j\u00e0 des questions sur la repr\u00e9sentativit\u00e9,\u00a0 et tiennent \u00e0 se faire distinguer, en recourant \u00e0 tant de subterfuges pour\u00a0 jouer\u00a0 au futur [&hellip;]<\/p>\n","protected":false},"author":1740,"featured_media":0,"comment_status":"closed","ping_status":"closed","sticky":false,"template":"","format":"standard","meta":{"fifu_image_url":"","fifu_image_alt":"","footnotes":""},"categories":[53,76],"tags":[],"class_list":["post-26323","post","type-post","status-publish","format-standard","hentry","category-algerie","category-regions"],"_links":{"self":[{"href":"https:\/\/linitiative.ca\/International\/wp-json\/wp\/v2\/posts\/26323","targetHints":{"allow":["GET"]}}],"collection":[{"href":"https:\/\/linitiative.ca\/International\/wp-json\/wp\/v2\/posts"}],"about":[{"href":"https:\/\/linitiative.ca\/International\/wp-json\/wp\/v2\/types\/post"}],"author":[{"embeddable":true,"href":"https:\/\/linitiative.ca\/International\/wp-json\/wp\/v2\/users\/1740"}],"replies":[{"embeddable":true,"href":"https:\/\/linitiative.ca\/International\/wp-json\/wp\/v2\/comments?post=26323"}],"version-history":[{"count":0,"href":"https:\/\/linitiative.ca\/International\/wp-json\/wp\/v2\/posts\/26323\/revisions"}],"wp:attachment":[{"href":"https:\/\/linitiative.ca\/International\/wp-json\/wp\/v2\/media?parent=26323"}],"wp:term":[{"taxonomy":"category","embeddable":true,"href":"https:\/\/linitiative.ca\/International\/wp-json\/wp\/v2\/categories?post=26323"},{"taxonomy":"post_tag","embeddable":true,"href":"https:\/\/linitiative.ca\/International\/wp-json\/wp\/v2\/tags?post=26323"}],"curies":[{"name":"wp","href":"https:\/\/api.w.org\/{rel}","templated":true}]}}