{"id":26325,"date":"2019-04-06T13:36:00","date_gmt":"2019-04-06T17:36:00","guid":{"rendered":"https:\/\/linitiative.ca\/International\/dgse-le-general-ali-bendaoud-demis-de-ses-fonctions\/"},"modified":"2019-04-06T13:36:00","modified_gmt":"2019-04-06T17:36:00","slug":"dgse-le-general-ali-bendaoud-demis-de-ses-fonctions","status":"publish","type":"post","link":"https:\/\/linitiative.ca\/International\/dgse-le-general-ali-bendaoud-demis-de-ses-fonctions\/","title":{"rendered":"DGSE : Le g\u00e9n\u00e9ral Ali Bendaoud d\u00e9mis de ses fonctions"},"content":{"rendered":"<p><br id=\"sep_para_1\" class=\"sep_para access\"\/><\/p>\n<div id=\"para_1\" class=\"para_30222226 resize\">\n<div class=\"texte access firstletter\">Le g\u00e9n\u00e9ral Ali Bendaoud a \u00e9t\u00e9 d\u00e9mis de ses fonctions, moins d\u2019un mois apr\u00e8s son retour au DRS, a-t-on appris du site d\u2019informations TSA. Selon la m\u00eame source, les circonstances exactes de ce d\u00e9part, qui intervient au m\u00eame moment que celui du g\u00e9n\u00e9ral Tartag, ne sont pas encore d\u00e9voil\u00e9es. En outre, deux noms sont susceptibles de succ\u00e9der au g\u00e9n\u00e9ral Bendaoud, et qui sont : le g\u00e9n\u00e9ral Kaidi et le g\u00e9n\u00e9ral Rochedi. Il convient \u00e0 noter que le g\u00e9n\u00e9ral Bendaoud avait \u00e9t\u00e9 nomm\u00e9 le 13 mars \u00e0 la t\u00eate de la Direction g\u00e9n\u00e9rale de la s\u00e9curit\u00e9 ext\u00e9rieure (DGSE), en remplacement du g\u00e9n\u00e9ral-major Mohamed Bouzit alias \u00ab Youcef \u00bb. Une nomination, qui aurait \u00e9t\u00e9 d\u00e9cid\u00e9e par le clan pr\u00e9sidentiel, sans l\u2019accord du g\u00e9n\u00e9ral Gaid Salah.\u00a0<\/div>\n<\/div>\n<p>Auteur: Nadine<br \/>\n<a href=\"https:\/\/www.reflexiondz.net\/DGSE-Le-general-Ali-Bendaoud-demis-de-ses-fonctions_a55268.html\">Cliquez ici pour lire l&rsquo;article depuis sa source.<\/a><\/p>\n","protected":false},"excerpt":{"rendered":"<p>Le g\u00e9n\u00e9ral Ali Bendaoud a \u00e9t\u00e9 d\u00e9mis de ses fonctions, moins d\u2019un mois apr\u00e8s son retour au DRS, a-t-on appris du site d\u2019informations TSA. Selon la m\u00eame source, les circonstances exactes de ce d\u00e9part, qui intervient au m\u00eame moment que celui du g\u00e9n\u00e9ral Tartag, ne sont pas encore d\u00e9voil\u00e9es. En outre, deux noms sont susceptibles [&hellip;]<\/p>\n","protected":false},"author":1740,"featured_media":0,"comment_status":"closed","ping_status":"closed","sticky":false,"template":"","format":"standard","meta":{"fifu_image_url":"","fifu_image_alt":"","footnotes":""},"categories":[53,76],"tags":[],"class_list":["post-26325","post","type-post","status-publish","format-standard","hentry","category-algerie","category-regions"],"_links":{"self":[{"href":"https:\/\/linitiative.ca\/International\/wp-json\/wp\/v2\/posts\/26325","targetHints":{"allow":["GET"]}}],"collection":[{"href":"https:\/\/linitiative.ca\/International\/wp-json\/wp\/v2\/posts"}],"about":[{"href":"https:\/\/linitiative.ca\/International\/wp-json\/wp\/v2\/types\/post"}],"author":[{"embeddable":true,"href":"https:\/\/linitiative.ca\/International\/wp-json\/wp\/v2\/users\/1740"}],"replies":[{"embeddable":true,"href":"https:\/\/linitiative.ca\/International\/wp-json\/wp\/v2\/comments?post=26325"}],"version-history":[{"count":0,"href":"https:\/\/linitiative.ca\/International\/wp-json\/wp\/v2\/posts\/26325\/revisions"}],"wp:attachment":[{"href":"https:\/\/linitiative.ca\/International\/wp-json\/wp\/v2\/media?parent=26325"}],"wp:term":[{"taxonomy":"category","embeddable":true,"href":"https:\/\/linitiative.ca\/International\/wp-json\/wp\/v2\/categories?post=26325"},{"taxonomy":"post_tag","embeddable":true,"href":"https:\/\/linitiative.ca\/International\/wp-json\/wp\/v2\/tags?post=26325"}],"curies":[{"name":"wp","href":"https:\/\/api.w.org\/{rel}","templated":true}]}}