{"id":26327,"date":"2019-04-06T13:36:00","date_gmt":"2019-04-06T17:36:00","guid":{"rendered":"https:\/\/linitiative.ca\/International\/prochaine-saison-estivale-2-nouvelles-plages-bientot-ouvertes-au-public\/"},"modified":"2019-04-06T13:36:00","modified_gmt":"2019-04-06T17:36:00","slug":"prochaine-saison-estivale-2-nouvelles-plages-bientot-ouvertes-au-public","status":"publish","type":"post","link":"https:\/\/linitiative.ca\/International\/prochaine-saison-estivale-2-nouvelles-plages-bientot-ouvertes-au-public\/","title":{"rendered":"PROCHAINE SAISON ESTIVALE : 2 nouvelles plages bient\u00f4t ouvertes au public"},"content":{"rendered":"<p><br id=\"sep_para_1\" class=\"sep_para access\"\/><\/p>\n<div id=\"para_1\" class=\"para_30222211 resize\">\n<div class=\"texte access firstletter\">En pr\u00e9vision de la prochaine saison estivale, la rive c\u00f4ti\u00e8re de la wilaya de Mostaganem sera renforc\u00e9e de deux nouvelles plages \u00e0 Mostaganem , ce qui porte le nombre total de plages\u00a0 autoris\u00e9es \u00e0 la baignade pendant l&rsquo;\u00e9t\u00e9 prochain \u00e0 43 plages autoris\u00e9es \u00e0 la baignade , il s\u2019agit en effet des plages de \u00ab\u00a0Kaf Lasfer \u00ab\u00a0situ\u00e9e entre celles de Majdoub et \u00ab\u00a0El Meterba\u00a0\u00bb , et la plage de \u00ab Chaibia 2 \u00bb o\u00f9 il a \u00e9t\u00e9 proc\u00e9d\u00e9 \u00e0 l\u2019installation des centres de la protection civile et ceux de s\u00e9curit\u00e9 , en plus du rev\u00eatement et l&rsquo;expansion des voies\u00a0 menant aux plages et sans compter la r\u00e9alisation du parc de stationnement pour v\u00e9hicules, et le raccordement au r\u00e9seau d&rsquo;\u00e9clairage public et d&rsquo;assurer la propret\u00e9 de l&rsquo;environnement au cours de la prochaine saison estivale a t on pr\u00e9cis\u00e9. Notons que plusieurs projets d\u2019am\u00e9nagement du front de mer et l\u2019\u00e9largissement des acc\u00e8s tout le long du front de mer sont en cours\u00a0 car les travaux\u00a0 de r\u00e9alisation de sept nouveaux\u00a0 balcons ont \u00e9t\u00e9 lanc\u00e9s,\u00a0 s\u2019ajoutant\u00a0 aux cinq balcons\u00a0 ayant \u00e9t\u00e9 mat\u00e9rialis\u00e9s l\u2019ann\u00e9e pass\u00e9e dont le nombre est pass\u00e9 \u00e0 12 balcons vue sur mer \u00e0 commencer par\u00a0 l\u2019entr\u00e9e Est de Mostaganem jusqu\u2019aux Sablettes. Ces r\u00e9alisations ont\u00a0 \u00e9t\u00e9 accueillies avec satisfaction par les citoyens.\u00a0 A cela s\u2019ajoute les travaux d\u2019am\u00e9nagement du front de mer et l\u2019\u00e9largissement\u00a0 de\u00a0 la route de la cit\u00e9 baln\u00e9aire Sidi Medjdoub. C\u2019est une op\u00e9ration d\u2019agencement\u00a0 \u00e0 laquelle regroupe la r\u00e9alisation\u00a0 de plusieurs structures telles que la double voie sur une distance kilom\u00e9trique de 2 km avec am\u00e9nagement\u00a0 d\u2019espaces\u00a0 verts, jeux\u00a0 pour enfants et parc automobile avec une capacit\u00e9 de 170 v\u00e9hicules, de m\u00eame pour les travaux en cours \u00e0 la Salamandre. Les travaux englobent entre autre un \u00e9largissement\u00a0 de la route reliant entre la Salamandre\u00a0 et les Sablettes\u00a0 pour le renforcement et la protection du littoral au niveau des Sablettes, une extension de 3 \u00e0 22 m.\u00a0\u00a0 Ce parcours connait une\u00a0 affluence particuli\u00e8re en saison estivale ainsi que\u00a0 le renforcement\u00a0 et la r\u00e9habilitation\u00a0 sur une distance de 1 km entre la route reliant les Sablettes \u00e0 la RN11. Ces projets ont pour but\u00a0 d\u2019offrir aux estivants\u00a0 des conditions appropri\u00e9es\u00a0 afin de donner une belle image de Mostaganem, wilaya touristique par excellence.<\/div>\n<\/div>\n<p>Auteur: G.Yacine<br \/>\n<a href=\"https:\/\/www.reflexiondz.net\/PROCHAINE-SAISON-ESTIVALE-2-nouvelles-plages-bientot-ouvertes-au-public_a55265.html\">Cliquez ici pour lire l&rsquo;article depuis sa source.<\/a><\/p>\n","protected":false},"excerpt":{"rendered":"<p>En pr\u00e9vision de la prochaine saison estivale, la rive c\u00f4ti\u00e8re de la wilaya de Mostaganem sera renforc\u00e9e de deux nouvelles plages \u00e0 Mostaganem , ce qui porte le nombre total de plages\u00a0 autoris\u00e9es \u00e0 la baignade pendant l&rsquo;\u00e9t\u00e9 prochain \u00e0 43 plages autoris\u00e9es \u00e0 la baignade , il s\u2019agit en effet des plages de \u00ab\u00a0Kaf [&hellip;]<\/p>\n","protected":false},"author":1740,"featured_media":0,"comment_status":"closed","ping_status":"closed","sticky":false,"template":"","format":"standard","meta":{"fifu_image_url":"","fifu_image_alt":"","footnotes":""},"categories":[53,76],"tags":[],"class_list":["post-26327","post","type-post","status-publish","format-standard","hentry","category-algerie","category-regions"],"_links":{"self":[{"href":"https:\/\/linitiative.ca\/International\/wp-json\/wp\/v2\/posts\/26327","targetHints":{"allow":["GET"]}}],"collection":[{"href":"https:\/\/linitiative.ca\/International\/wp-json\/wp\/v2\/posts"}],"about":[{"href":"https:\/\/linitiative.ca\/International\/wp-json\/wp\/v2\/types\/post"}],"author":[{"embeddable":true,"href":"https:\/\/linitiative.ca\/International\/wp-json\/wp\/v2\/users\/1740"}],"replies":[{"embeddable":true,"href":"https:\/\/linitiative.ca\/International\/wp-json\/wp\/v2\/comments?post=26327"}],"version-history":[{"count":0,"href":"https:\/\/linitiative.ca\/International\/wp-json\/wp\/v2\/posts\/26327\/revisions"}],"wp:attachment":[{"href":"https:\/\/linitiative.ca\/International\/wp-json\/wp\/v2\/media?parent=26327"}],"wp:term":[{"taxonomy":"category","embeddable":true,"href":"https:\/\/linitiative.ca\/International\/wp-json\/wp\/v2\/categories?post=26327"},{"taxonomy":"post_tag","embeddable":true,"href":"https:\/\/linitiative.ca\/International\/wp-json\/wp\/v2\/tags?post=26327"}],"curies":[{"name":"wp","href":"https:\/\/api.w.org\/{rel}","templated":true}]}}