{"id":26328,"date":"2019-04-06T13:36:00","date_gmt":"2019-04-06T17:36:00","guid":{"rendered":"https:\/\/linitiative.ca\/International\/les-beneficiaires-de-135-logts-lpa-dans-lexpectative-la-sonelgaz-encore-pointee-du-doigt\/"},"modified":"2019-04-06T13:36:00","modified_gmt":"2019-04-06T17:36:00","slug":"les-beneficiaires-de-135-logts-lpa-dans-lexpectative-la-sonelgaz-encore-pointee-du-doigt","status":"publish","type":"post","link":"https:\/\/linitiative.ca\/International\/les-beneficiaires-de-135-logts-lpa-dans-lexpectative-la-sonelgaz-encore-pointee-du-doigt\/","title":{"rendered":"LES BENEFICIAIRES DE 135 LOGTS LPA DANS L\u2019EXPECTATIVE : La Sonelgaz encore point\u00e9e du doigt"},"content":{"rendered":"<p><br id=\"sep_para_1\" class=\"sep_para access\"\/><\/p>\n<div id=\"para_1\" class=\"para_30222207 resize\">\n<div class=\"texte access firstletter\">Achev\u00e9 voil\u00e0 presque\u00a0 des semaines\u00a0 par l\u2019entrepreneur priv\u00e9 \u2018\u2019Rihab Prom\u2019\u2019, le projet\u00a0 des 135 logements de type LPA , situ\u00e9 \u00e0 l\u2019ilot 1D sis \u00e0 Kharrouba , semble toujours attendre sa r\u00e9ception, et pousse d\u00e9j\u00e0 les souscripteurs\u00a0 \u00e0 se poser tant de questions\u00a0 sur ces logements\u00a0 acquis qu\u2019ils ne peuvent plus occuper pour\u00a0 non-ach\u00e8vement\u00a0 des travaux\u00a0 restants, dont le\u00a0 plus important demeure l\u2019absence d\u2019alimentation\u00a0 en \u00e9lectricit\u00e9 et en gaz naturel , toujours non lanc\u00e9 \u00e0 ce jour par la Sonelgaz. Des b\u00e9n\u00e9ficiaires re\u00e7us au journal, affirment que la Sonelgaz ne parait\u00a0 point disposer d\u2019un chemin de c\u00e2bles pour les approvisionner, alors que l\u2019Alg\u00e9rienne des Eaux\u00a0 est\u00a0 sur place et va bient\u00f4t cl\u00f4turer\u00a0 l\u2019op\u00e9ration d\u2019alimentation en eau potable. Ces derniers ajoutent\u00a0 qu\u2019un poste\u00a0 d\u2019\u00e9lectricit\u00e9 existe d\u00e9j\u00e0\u00a0 \u00e0 quelque 50 m\u00e8tres\u00a0 au sein d\u2019une cit\u00e9 voisine et qu\u2019il\u00a0 peut servir\u00a0 \u00e0 les alimenter sans trop de difficult\u00e9s et de d\u00e9penses. Malheureusement, une telle situation semble freiner les b\u00e9n\u00e9ficiaires qui attendent une solution qui leur permet d\u2019habiter ces logements qu\u2019ils attendent impatiemment, alors\u00a0 qu\u2019une cit\u00e9 proche l\u2019a \u00e9t\u00e9\u00a0 voil\u00e0 presque une semaine. Aujourd\u2019hui, ces derniers\u00a0 interpellent les autorit\u00e9s concern\u00e9es\u00a0 pour l\u2019activation de cette op\u00e9ration\u00a0 qui perdure\u00a0 depuis l\u2019ach\u00e8vement du projet.<\/div>\n<\/div>\n<p>Auteur: L. Ammar<br \/>\n<a href=\"https:\/\/www.reflexiondz.net\/LES-BENEFICIAIRES-DE-135-LOGTS-LPA-DANS-L-EXPECTATIVE-La-Sonelgaz-encore-pointee-du-doigt_a55264.html\">Cliquez ici pour lire l&rsquo;article depuis sa source.<\/a><\/p>\n","protected":false},"excerpt":{"rendered":"<p>Achev\u00e9 voil\u00e0 presque\u00a0 des semaines\u00a0 par l\u2019entrepreneur priv\u00e9 \u2018\u2019Rihab Prom\u2019\u2019, le projet\u00a0 des 135 logements de type LPA , situ\u00e9 \u00e0 l\u2019ilot 1D sis \u00e0 Kharrouba , semble toujours attendre sa r\u00e9ception, et pousse d\u00e9j\u00e0 les souscripteurs\u00a0 \u00e0 se poser tant de questions\u00a0 sur ces logements\u00a0 acquis qu\u2019ils ne peuvent plus occuper pour\u00a0 non-ach\u00e8vement\u00a0 des [&hellip;]<\/p>\n","protected":false},"author":1740,"featured_media":0,"comment_status":"closed","ping_status":"closed","sticky":false,"template":"","format":"standard","meta":{"fifu_image_url":"","fifu_image_alt":"","footnotes":""},"categories":[53,76],"tags":[],"class_list":["post-26328","post","type-post","status-publish","format-standard","hentry","category-algerie","category-regions"],"_links":{"self":[{"href":"https:\/\/linitiative.ca\/International\/wp-json\/wp\/v2\/posts\/26328","targetHints":{"allow":["GET"]}}],"collection":[{"href":"https:\/\/linitiative.ca\/International\/wp-json\/wp\/v2\/posts"}],"about":[{"href":"https:\/\/linitiative.ca\/International\/wp-json\/wp\/v2\/types\/post"}],"author":[{"embeddable":true,"href":"https:\/\/linitiative.ca\/International\/wp-json\/wp\/v2\/users\/1740"}],"replies":[{"embeddable":true,"href":"https:\/\/linitiative.ca\/International\/wp-json\/wp\/v2\/comments?post=26328"}],"version-history":[{"count":0,"href":"https:\/\/linitiative.ca\/International\/wp-json\/wp\/v2\/posts\/26328\/revisions"}],"wp:attachment":[{"href":"https:\/\/linitiative.ca\/International\/wp-json\/wp\/v2\/media?parent=26328"}],"wp:term":[{"taxonomy":"category","embeddable":true,"href":"https:\/\/linitiative.ca\/International\/wp-json\/wp\/v2\/categories?post=26328"},{"taxonomy":"post_tag","embeddable":true,"href":"https:\/\/linitiative.ca\/International\/wp-json\/wp\/v2\/tags?post=26328"}],"curies":[{"name":"wp","href":"https:\/\/api.w.org\/{rel}","templated":true}]}}