{"id":26329,"date":"2019-04-06T13:36:00","date_gmt":"2019-04-06T17:36:00","guid":{"rendered":"https:\/\/linitiative.ca\/International\/sidi-bel-abbes-un-quadragenaire-renverse-mortellement-par-un-train\/"},"modified":"2019-04-06T13:36:00","modified_gmt":"2019-04-06T17:36:00","slug":"sidi-bel-abbes-un-quadragenaire-renverse-mortellement-par-un-train","status":"publish","type":"post","link":"https:\/\/linitiative.ca\/International\/sidi-bel-abbes-un-quadragenaire-renverse-mortellement-par-un-train\/","title":{"rendered":"SIDI BEL ABBES : Un quadrag\u00e9naire renvers\u00e9 mortellement par un train"},"content":{"rendered":"<p><br id=\"sep_para_1\" class=\"sep_para access\"\/><\/p>\n<div id=\"para_1\" class=\"para_30222190 resize\">\n<div class=\"texte access firstletter\">Un homme de 40 ans, dont l&rsquo;identit\u00e9 n&rsquo;a pas \u00e9t\u00e9 r\u00e9v\u00e9l\u00e9e, a trouv\u00e9 la mort,\u00a0 vendredi dernier, au lieu dit Sakia Hamra de Sidi Bel Abbes, apr\u00e8s avoir \u00e9t\u00e9 percut\u00e9 par un train\u00a0 de voyageurs\u00a0 assurant la ligne Oran-B\u00e9char via Sidi Bel Abb\u00e8s, apprend-on d&rsquo;un communiqu\u00e9 \u00e9manant de la direction de la protection civile. Les sapeurs pompiers sont intervenus sur les lieux pour transporter la d\u00e9pouille mortelle \u00e0 la morgue du C.H.U\u00a0 Hassani Abdelkader.<br \/>\u00a0Une enqu\u00eate vient d&rsquo;\u00eatre ouverte par les services s\u00e9curitaires afin de d\u00e9terminer les causes et les circonstances exactes de cet \u00e9ni\u00e8me drame ferroviaire.\u00a0\u00a0\u00a0\u00a0\u00a0\u00a0\u00a0\u00a0<br \/>\u00a0<\/div>\n<\/div>\n<p>Auteur: M.Noui<br \/>\n<a href=\"https:\/\/www.reflexiondz.net\/SIDI-BEL-ABBES-Un-quadragenaire-renverse-mortellement-par-un-train_a55263.html\">Cliquez ici pour lire l&rsquo;article depuis sa source.<\/a><\/p>\n","protected":false},"excerpt":{"rendered":"<p>Un homme de 40 ans, dont l&rsquo;identit\u00e9 n&rsquo;a pas \u00e9t\u00e9 r\u00e9v\u00e9l\u00e9e, a trouv\u00e9 la mort,\u00a0 vendredi dernier, au lieu dit Sakia Hamra de Sidi Bel Abbes, apr\u00e8s avoir \u00e9t\u00e9 percut\u00e9 par un train\u00a0 de voyageurs\u00a0 assurant la ligne Oran-B\u00e9char via Sidi Bel Abb\u00e8s, apprend-on d&rsquo;un communiqu\u00e9 \u00e9manant de la direction de la protection civile. Les [&hellip;]<\/p>\n","protected":false},"author":1740,"featured_media":0,"comment_status":"closed","ping_status":"closed","sticky":false,"template":"","format":"standard","meta":{"fifu_image_url":"","fifu_image_alt":"","footnotes":""},"categories":[53,76],"tags":[],"class_list":["post-26329","post","type-post","status-publish","format-standard","hentry","category-algerie","category-regions"],"_links":{"self":[{"href":"https:\/\/linitiative.ca\/International\/wp-json\/wp\/v2\/posts\/26329","targetHints":{"allow":["GET"]}}],"collection":[{"href":"https:\/\/linitiative.ca\/International\/wp-json\/wp\/v2\/posts"}],"about":[{"href":"https:\/\/linitiative.ca\/International\/wp-json\/wp\/v2\/types\/post"}],"author":[{"embeddable":true,"href":"https:\/\/linitiative.ca\/International\/wp-json\/wp\/v2\/users\/1740"}],"replies":[{"embeddable":true,"href":"https:\/\/linitiative.ca\/International\/wp-json\/wp\/v2\/comments?post=26329"}],"version-history":[{"count":0,"href":"https:\/\/linitiative.ca\/International\/wp-json\/wp\/v2\/posts\/26329\/revisions"}],"wp:attachment":[{"href":"https:\/\/linitiative.ca\/International\/wp-json\/wp\/v2\/media?parent=26329"}],"wp:term":[{"taxonomy":"category","embeddable":true,"href":"https:\/\/linitiative.ca\/International\/wp-json\/wp\/v2\/categories?post=26329"},{"taxonomy":"post_tag","embeddable":true,"href":"https:\/\/linitiative.ca\/International\/wp-json\/wp\/v2\/tags?post=26329"}],"curies":[{"name":"wp","href":"https:\/\/api.w.org\/{rel}","templated":true}]}}