{"id":26330,"date":"2019-04-06T13:36:00","date_gmt":"2019-04-06T17:36:00","guid":{"rendered":"https:\/\/linitiative.ca\/International\/oran-600-logements-ruraux-bientot-realises-a-boutlelis\/"},"modified":"2019-04-06T13:36:00","modified_gmt":"2019-04-06T17:36:00","slug":"oran-600-logements-ruraux-bientot-realises-a-boutlelis","status":"publish","type":"post","link":"https:\/\/linitiative.ca\/International\/oran-600-logements-ruraux-bientot-realises-a-boutlelis\/","title":{"rendered":"ORAN : 600 logements ruraux, bient\u00f4t r\u00e9alis\u00e9s \u00e0 Boutl\u00e9lis"},"content":{"rendered":"<p><br id=\"sep_para_1\" class=\"sep_para access\"\/><\/p>\n<div id=\"para_1\" class=\"para_30222188 resize\">\n<div class=\"texte access firstletter\">La da\u00efra de Boutl\u00e9lis vient de b\u00e9n\u00e9ficier de 600 logements ruraux dans le cadre de l&rsquo;\u00e9radication des bidonvilles qui sont implant\u00e9s au niveau des douars de cette\u00a0 importante da\u00efra \u00e0 caract\u00e8re rural. Cet important projet de logements de type social locatif et rural, sera lanc\u00e9 prochainement selon la d\u00e9claration du wali d&rsquo;Oran Mouloud Ch\u00e9rifi. Ces logements vont \u00eatre \u00e9rig\u00e9s pour r\u00e9pondre \u00e0 la demande en perp\u00e9tuelle croissance, o\u00f9 la wilaya d\u2019Oran a d\u00e9j\u00e0 r\u00e9alis\u00e9 plusieurs unit\u00e9s dans le m\u00eame sens. Cette op\u00e9ration sera r\u00e9alis\u00e9e selon les nouvelles directives de l\u2019Etat qui a r\u00e9duit les documents administratifs pour la constitution des dossiers et l\u2019aide financi\u00e8re. Afin d\u2019inciter les milliers de familles \u00e0 opter pour cette formule et occuper le sol et \u00e9viter l\u2019exode rural, l\u2019Etat ambitionne \u00e0 r\u00e9ussir ce projet qui donnera la chance aux demandeurs, en g\u00e9n\u00e9ral, voulant travailler les terres limitrophes, de b\u00e9n\u00e9ficier des logements ruraux. Il faut dire aussi que ce programme de logement rural a beaucoup contribu\u00e9 dans l\u2019\u00e9radication des bidonvilles qui cernent la wilaya d\u2019Oran. Les responsables du secteur de l\u2019habitat estiment qu\u2019un grand pourcentage d\u2019habitat pr\u00e9caire a \u00e9t\u00e9 \u00e9radiqu\u00e9 dans les communes de l\u2019Ouest de la wilaya \u00e0 l\u2019instar de Boutl\u00e9lis. Une commune qui a retrouv\u00e9 son cadre de vie et son tissu urbain, \u00e0 la faveur des projets r\u00e9alis\u00e9s o\u00f9 la ville est devenue un p\u00f4le urbain o\u00f9 se c\u00f4toie des citoyens venus de plusieurs quartiers d\u2019Oran. Cette distribution est tr\u00e8s attendue, du fait qu&rsquo;ils\u00a0 visent, aussi, le renforcement et la stimulation de l&rsquo;activit\u00e9 \u00e9conomique, en zones rurales avec l&rsquo;utilisation pleine des ressources existantes, afin d&rsquo;impulser une dynamique de d\u00e9veloppement int\u00e9gr\u00e9 et durable et l&rsquo;am\u00e9lioration de la s\u00e9curit\u00e9 alimentaire. La demande sur le logement rural, \u00e0 Oran, n&rsquo;\u00e9tait pas importante, durant les ann\u00e9es pr\u00e9c\u00e9dentes. Ce type de logement a connu, ces derni\u00e8res ann\u00e9es, un engouement de la part des agriculteurs. Pour r\u00e9pondre \u00e0 cette demande, des centaines d&rsquo;habitations rurales ont \u00e9t\u00e9 notifi\u00e9es, aux da\u00efras et communes. Toutefois, la wilaya est confront\u00e9e aux probl\u00e8mes li\u00e9s au retard dans la r\u00e9alisation de ces logements. La wilaya d&rsquo;Oran a b\u00e9n\u00e9fici\u00e9 de 3.142 aides d&rsquo;habitat rural dont 642 enregistr\u00e9es, au titre de l&rsquo;ann\u00e9e 2009 ainsi que de 2.500 datant du Plan quinquennal 2010-2014.\u00a0\u00a0\u00a0\u00a0\u00a0\u00a0\u00a0\u00a0\u00a0\u00a0\u00a0\u00a0\u00a0\u00a0\u00a0\u00a0\u00a0\u00a0\u00a0\u00a0\u00a0\u00a0\u00a0<\/div>\n<\/div>\n<p>Auteur: Medjadji H.<br \/>\n<a href=\"https:\/\/www.reflexiondz.net\/ORAN-600-logements-ruraux-bientot-realises-a-Boutlelis_a55262.html\">Cliquez ici pour lire l&rsquo;article depuis sa source.<\/a><\/p>\n","protected":false},"excerpt":{"rendered":"<p>La da\u00efra de Boutl\u00e9lis vient de b\u00e9n\u00e9ficier de 600 logements ruraux dans le cadre de l&rsquo;\u00e9radication des bidonvilles qui sont implant\u00e9s au niveau des douars de cette\u00a0 importante da\u00efra \u00e0 caract\u00e8re rural. Cet important projet de logements de type social locatif et rural, sera lanc\u00e9 prochainement selon la d\u00e9claration du wali d&rsquo;Oran Mouloud Ch\u00e9rifi. Ces [&hellip;]<\/p>\n","protected":false},"author":1740,"featured_media":0,"comment_status":"closed","ping_status":"closed","sticky":false,"template":"","format":"standard","meta":{"fifu_image_url":"","fifu_image_alt":"","footnotes":""},"categories":[53,76],"tags":[],"class_list":["post-26330","post","type-post","status-publish","format-standard","hentry","category-algerie","category-regions"],"_links":{"self":[{"href":"https:\/\/linitiative.ca\/International\/wp-json\/wp\/v2\/posts\/26330","targetHints":{"allow":["GET"]}}],"collection":[{"href":"https:\/\/linitiative.ca\/International\/wp-json\/wp\/v2\/posts"}],"about":[{"href":"https:\/\/linitiative.ca\/International\/wp-json\/wp\/v2\/types\/post"}],"author":[{"embeddable":true,"href":"https:\/\/linitiative.ca\/International\/wp-json\/wp\/v2\/users\/1740"}],"replies":[{"embeddable":true,"href":"https:\/\/linitiative.ca\/International\/wp-json\/wp\/v2\/comments?post=26330"}],"version-history":[{"count":0,"href":"https:\/\/linitiative.ca\/International\/wp-json\/wp\/v2\/posts\/26330\/revisions"}],"wp:attachment":[{"href":"https:\/\/linitiative.ca\/International\/wp-json\/wp\/v2\/media?parent=26330"}],"wp:term":[{"taxonomy":"category","embeddable":true,"href":"https:\/\/linitiative.ca\/International\/wp-json\/wp\/v2\/categories?post=26330"},{"taxonomy":"post_tag","embeddable":true,"href":"https:\/\/linitiative.ca\/International\/wp-json\/wp\/v2\/tags?post=26330"}],"curies":[{"name":"wp","href":"https:\/\/api.w.org\/{rel}","templated":true}]}}