{"id":26340,"date":"2019-04-06T04:00:00","date_gmt":"2019-04-06T08:00:00","guid":{"rendered":"https:\/\/linitiative.ca\/International\/interview-exclusive-nabli-si-on-se-trompe-de-diagnostic-alors-on-se-trompe-de-remede\/"},"modified":"2019-04-06T04:00:00","modified_gmt":"2019-04-06T08:00:00","slug":"interview-exclusive-nabli-si-on-se-trompe-de-diagnostic-alors-on-se-trompe-de-remede","status":"publish","type":"post","link":"https:\/\/linitiative.ca\/International\/interview-exclusive-nabli-si-on-se-trompe-de-diagnostic-alors-on-se-trompe-de-remede\/","title":{"rendered":"Interview exclusive &#8211; Nabli: Si on se trompe de diagnostic, alors on se trompe de rem\u00e8de"},"content":{"rendered":"<h3>Votre livre dresse un r\u00e9quisitoire argument\u00e9 contre l\u2019\u00e9chec du syst\u00e8me politique, \u00e9conomique et social, et pointe du doigt l\u2019incomp\u00e9tence des gouvernants et leur persistance dans de fausses pistes inop\u00e9rantes. Avec cependant des sc\u00e9narios de sortie de crise. C\u2019est un essai qui rejette et stigmatise deux attitudes courantes dans le d\u00e9bat politique et \u00e9conomique?<\/h3>\n<p>La premi\u00e8re est de dire qu\u2019il est normal qu\u2019il y ait des co\u00fbts de la transition vers la d\u00e9mocratie, et que les choses vont finir par s\u2019arranger. Cette attitude est passive et rel\u00e8gue les questions \u00e9conomiques \u00e0 l\u2019arri\u00e8re-plan, ce qui a \u00e9t\u00e9 la cause principale des d\u00e9rapages que nous avons constat\u00e9s. Une telle attitude ignore l\u2019importance des co\u00fbts \u00e9conomiques et sociaux et le fait qu\u2019ils peuvent durer pour longtemps et m\u00eame compromettre la transition d\u00e9mocratique. La deuxi\u00e8me attitude consiste \u00e0 chercher des solutions de facilit\u00e9 qui paraissent \u00e0 premi\u00e8re vue attrayantes, mais qui sont soit accessoires et inefficaces, soit g\u00e9n\u00e9ratrices de probl\u00e8mes plus s\u00e9rieux que ceux qu\u2019on essaie de r\u00e9soudre. Je discute plusieurs de ces fausses pistes. Mon message principal est que si on se trompe de diagnostic, alors on se trompe de rem\u00e8de. Les sc\u00e9narios de sortie de crise sont bas\u00e9s sur un diagnostic complet et d\u00e9taill\u00e9, ce qui permet d\u2019ouvrir la voie \u00e0 de vraies solutions.<\/p>\n<h3>Est-ce un acte de candidature pour les prochaines \u00e9lections, avec un programme complet \u00e0 l\u2019appui?<\/h3>\n<p>Ce texte n\u2019a \u00e9t\u00e9 ni con\u00e7u ni \u00e9crit dans cette perspective. Il ne cherche en aucune mani\u00e8re \u00e0 constituer une base quelconque de positionnement.<br \/>Il est certain que le contenu de l\u2019essai, et sa nature m\u00eame, sont pertinents pour tout programme d\u2019action politique. Il peut \u00eatre utilis\u00e9 et adapt\u00e9, ce qui constitue d\u2019ailleurs son int\u00e9r\u00eat. Mais c\u2019est surtout une analyse et une revue de ce qui s\u2019est pass\u00e9 et une exploration des voies de sortie r\u00e9alisables. D\u2019ailleurs, c\u2019est trop dire que c\u2019est un programme complet.<\/p>\n<h3>Vous plaidez en faveur d\u2019un Pacte fondamental avec une \u00abpetite constitution \u00e9conomique et sociale\u00bb. Qui est capable de porter ce projet? Et comment l\u2019activer efficacement?<\/h3>\n<p>Cela ne peut \u00eatre le projet d\u2019une personne ou d\u2019un parti politique. Ce que je pr\u00e9conise est une d\u00e9marche et un pacte qui rassemblent les forces politiques et sociales du pays pour r\u00e9aliser un \u00abmiracle\u00bb tunisien, qui ne peut \u00eatre que collectif. C\u2019est notre d\u00e9fi et notre chance.<\/p>\n<p>Le processus peut se r\u00e9aliser concr\u00e8tement en trois \u00e9tapes:<\/p>\n<ul>\n<li>La premi\u00e8re est la d\u00e9finition des parties prenantes \u00e0 ce processus, du cadre pour r\u00e9aliser les concertations et des questions fondamentales qui doivent faire l\u2019objet de d\u00e9bats nationaux.<\/li>\n<li>La deuxi\u00e8me est la pr\u00e9paration des \u00e9l\u00e9ments d\u2019information et des analyses qui constitueront la base des d\u00e9bats, avec une contribution \u00e9largie des experts et des comp\u00e9tences nationales.<\/li>\n<li>Enfin, il y a les d\u00e9bats et concertations qui r\u00e9uniront les parties int\u00e9ress\u00e9es, qui devraient d\u00e9boucher sur le \u00abpacte fondamental\u00bb.<\/li>\n<\/ul>\n<h3>Dans cette d\u00e9marche, quelle sera votre contribution personnelle et \u00e0 partir de quelle position qui vous conf\u00e8re la l\u00e9gitimit\u00e9 de l\u2019autorit\u00e9 indispensable \u00e0 la mise en \u0153uvre?<\/h3>\n<p>Ma position personnelle n\u2019a aucune importance. Ce qui est le plus crucial, c\u2019est l\u2019engagement collectif et la disposition des principales forces du pays \u00e0 agir et r\u00e9ussir. J\u2019y contribuerai d\u2019une mani\u00e8re ou d\u2019une autre. Pas d\u2019inqui\u00e9tude, le plus important, c\u2019est d\u2019arriver \u00e0 le r\u00e9aliser.<\/p>\n<h3>D\u2019apr\u00e8s votre exp\u00e9rience, combien de temps prendrait la r\u00e9alisation des premiers r\u00e9sultats escompt\u00e9s?<\/h3>\n<p>Avant de chercher combien de temps faut-il pour sentir les r\u00e9sultats d\u2019un tel sc\u00e9nario, il faut d\u2019abord se demander quand est-ce qu\u2019on va commencer ? L\u2019essentiel est de commencer et d\u2019amorcer le processus. J\u2019estime que le temps presse pour \u00e9viter le sc\u00e9nario de l\u2019enlisement que je crains le plus.<\/p>\n<p>R\u00e9ussir une sortie r\u00e9ussie de la crise et mettre le pays sur une trajectoire positive de croissance et d\u2019inclusion sociale, selon l\u2019approche globale et multidimensionnelle que je propose n\u00e9cessitent quelques ann\u00e9es, mais je suis persuad\u00e9 que l\u2019on pourra commencer \u00e0 voir les r\u00e9sultats au bout de deux ou trois ann\u00e9es.<\/p>\n<p class=\"c2\"><strong>Lire aussi:<\/strong><\/p>\n<p class=\"c2\"><a href=\"https:\/\/www.leaders.com.tn\/article\/26701-un-nouveau-livre-evenement-de-mustapha-kamel-nabli-j-y-crois-toujours\" target=\"_blank\" rel=\"noopener noreferrer\">Un nouveau livre-\u00e9v\u00e9nement de Mustapha Kamel Nabli : \u00abJ\u2019y crois toujours\u00bb<\/a><\/p>\n<p class=\"c2\"><a href=\"https:\/\/www.leaders.com.tn\/article\/26817-l-avis-de-marouane-el-abassi-sur-le-livre-de-mustapha-kamel-nabli-une-analyse-innovante-de-l-economie-politique\" target=\"_blank\" rel=\"noopener noreferrer\">Le \u00ab\u00a0J&rsquo;y crois toujours\u00a0\u00bb de M.K Nabli : la lecture du gouverneur Marouane El Abassi<\/a><\/p>\n<p class=\"c3\"><strong><a href=\"https:\/\/www.leaders.com.tn\/le_mensuel_abonnez_vous\" target=\"_blank\" rel=\"noopener noreferrer\"><img loading=\"lazy\" decoding=\"async\" src=\"\/uploads\/FCK_files\/Bandeau-Leaders-1-copie(18).jpg\" alt=\"\" width=\"500\" vspace=\"5\" hspace=\"5\" height=\"128\" align=\"middle\"\/><\/a><\/strong><\/p>\n<p>\u00a0<\/p>\n<p>Auteur:<br \/>\n<a href=\"https:\/\/www.leaders.com.tn\/article\/26845-nabli-si-on-se-trompe-de-diagnostic-alors-on-se-trompe-de-remede\">Cliquez ici pour lire l&rsquo;article depuis sa source.<\/a><\/p>\n","protected":false},"excerpt":{"rendered":"<p>Votre livre dresse un r\u00e9quisitoire argument\u00e9 contre l\u2019\u00e9chec du syst\u00e8me politique, \u00e9conomique et social, et pointe du doigt l\u2019incomp\u00e9tence des gouvernants et leur persistance dans de fausses pistes inop\u00e9rantes. Avec cependant des sc\u00e9narios de sortie de crise. C\u2019est un essai qui rejette et stigmatise deux attitudes courantes dans le d\u00e9bat politique et \u00e9conomique? La premi\u00e8re [&hellip;]<\/p>\n","protected":false},"author":1772,"featured_media":26341,"comment_status":"closed","ping_status":"closed","sticky":false,"template":"","format":"standard","meta":{"fifu_image_url":"","fifu_image_alt":"","footnotes":""},"categories":[73,55],"tags":[],"class_list":["post-26340","post","type-post","status-publish","format-standard","has-post-thumbnail","hentry","category-actualite","category-tunisie"],"_links":{"self":[{"href":"https:\/\/linitiative.ca\/International\/wp-json\/wp\/v2\/posts\/26340","targetHints":{"allow":["GET"]}}],"collection":[{"href":"https:\/\/linitiative.ca\/International\/wp-json\/wp\/v2\/posts"}],"about":[{"href":"https:\/\/linitiative.ca\/International\/wp-json\/wp\/v2\/types\/post"}],"author":[{"embeddable":true,"href":"https:\/\/linitiative.ca\/International\/wp-json\/wp\/v2\/users\/1772"}],"replies":[{"embeddable":true,"href":"https:\/\/linitiative.ca\/International\/wp-json\/wp\/v2\/comments?post=26340"}],"version-history":[{"count":0,"href":"https:\/\/linitiative.ca\/International\/wp-json\/wp\/v2\/posts\/26340\/revisions"}],"wp:featuredmedia":[{"embeddable":true,"href":"https:\/\/linitiative.ca\/International\/wp-json\/"}],"wp:attachment":[{"href":"https:\/\/linitiative.ca\/International\/wp-json\/wp\/v2\/media?parent=26340"}],"wp:term":[{"taxonomy":"category","embeddable":true,"href":"https:\/\/linitiative.ca\/International\/wp-json\/wp\/v2\/categories?post=26340"},{"taxonomy":"post_tag","embeddable":true,"href":"https:\/\/linitiative.ca\/International\/wp-json\/wp\/v2\/tags?post=26340"}],"curies":[{"name":"wp","href":"https:\/\/api.w.org\/{rel}","templated":true}]}}