{"id":26344,"date":"2019-04-06T07:12:00","date_gmt":"2019-04-06T11:12:00","guid":{"rendered":"https:\/\/linitiative.ca\/International\/sana-ben-achour-pourquoi-je-me-desiste-de-me-presenter-a-la-cour-constitutionnelle\/"},"modified":"2019-04-06T07:12:00","modified_gmt":"2019-04-06T11:12:00","slug":"sana-ben-achour-pourquoi-je-me-desiste-de-me-presenter-a-la-cour-constitutionnelle","status":"publish","type":"post","link":"https:\/\/linitiative.ca\/International\/sana-ben-achour-pourquoi-je-me-desiste-de-me-presenter-a-la-cour-constitutionnelle\/","title":{"rendered":"Sana Ben Achour : Pourquoi je me d\u00e9siste de me pr\u00e9senter \u00e0 la Cour constitutionnelle"},"content":{"rendered":"<p>\u00ab Dans ces conditions de faux semblants et convaincue, apr\u00e8s cette mascarade, que la Cour Constitutionnelle ne verra pas le jour, je ne peux me remettre dans la course.\u00a0 Non pas, encore une fois, par d\u00e9pit mais bien pour ne pas blanchir, par ma candidature, une op\u00e9ration en trompe l\u2019\u0153il qui participe de manipulations politiciennes \u00e0 hauts risques pour notre devenir d\u00e9mocratique. \u00bb C\u2019est ce qu\u2019\u00e9crit Sana Ben Achour, pour expliquer les raisons de son retrait de la course, en d\u00e9cidant de ne pas d\u00e9poser \u00e0 nouveau sa candidature. Professeure en droit public et sciences politiques \u00e0 la Facult\u00e9 des sciences juridiques politiques et sociales, et figure de proue du mouvement d\u00e9mocratique et militante f\u00e9ministe de longue date, elle n\u2019h\u00e9site pas \u00e0 d\u00e9noncer \u00ab le grotesque acharnement de certains \u00e0 faire capoter le projet porte un coup, un autre, \u00e0 la cr\u00e9dibilit\u00e9 de ceux l\u00e0-m\u00eames qui croient se jouer impun\u00e9ment\u00a0 des institutions de la d\u00e9mocratie que le peuple r\u00e9clame \u00bb.<\/p>\n<h2>Communiqu\u00e9<\/h2>\n<ol>\n<li>Je tiens \u00e0 remercier chaleureusement les parlementaires des blocs du Front Populaire,\u00a0 \u00ab al Kutla al Hurra \u00bb et d\u2019\u00ab al-kutla al Watanya \u00bb, de l\u2019honneur qu\u2019ils mont fait en sollicitant ma candidature \u00e0 la Cour Constitutionnelle, d\u00e9j\u00e0 au mois de mai 2018, de\u00a0 leur confiance et du soutien qu\u2019ils m\u2019ont accord\u00e9s avec constance.<\/li>\n<li>Je tiens \u00e0 remercier, aussi\u00a0 vivement,\u00a0 toutes les\u00a0 d\u00e9put\u00e9es et tous les d\u00e9put\u00e9s qui m\u2019ont accord\u00e9 leur confiance en d\u00e9pit des trois infructueuses sessions et tours de scrutin successifs durant lesquels je n\u2019ai pu rassembler la majorit\u00e9 requise des deux tiers des membres de l\u2019Assembl\u00e9e des Repr\u00e9sentant-e-s du Peuple.\u00a0<\/li>\n<li>Le 03 f\u00e9vrier 2019, l\u2019on a proc\u00e9d\u00e9 de nouveau \u00e0 l\u2019ouverture des candidatures et de nouveau j\u2019ai \u00e9t\u00e9 propos\u00e9e, par les m\u00eames, pour pr\u00e9senter la mienne. Si leur insistance m\u2019honore, j\u2019avoue m\u2019\u00eatre abstenue du d\u00e9p\u00f4t de mon dossier, rendant ainsi sciemment irrecevable ma candidature.<\/li>\n<li>Beaucoup, notamment parmi mes ami-e-s et mes proches, s\u2019interrogent sur le bienfond\u00e9 de mon d\u00e9sistement,\u00a0 jug\u00e9 tardif, voire inopin\u00e9.\u00a0<\/li>\n<li>De mon point de vue, il ne s\u2019agit ni de l\u2019un ni de l\u2019autre. Si j\u2019ai maintenu ma candidature,\u00a0 malgr\u00e9 l\u2019\u00e9chec annonc\u00e9, d\u00e8s le premier scrutin du 13 mars 2018, faute de \u00ab consensus \u00bb v\u00e9ritable ou pour volte-face et reniements sur les trois candidats \u00ab pr\u00e9somptifs \u00bb restants, c\u2019est bien pour aller, avec conscience et d\u00e9termination, jusqu\u2019au bout d\u2019un processus devant mener, en toute logique, \u00e0 l\u2019\u00e9dification d\u2019une Cour Constitutionnelle, instance majeure de l\u2019Etat de droit et pourtant toujours en souffrance. Des \u00e9checs accumul\u00e9s et des scores d\u00e9risoires r\u00e9colt\u00e9s, je n\u2019\u00e9prouve personnellement aucune amertume.<\/li>\n<li>En revanche le grotesque acharnement de certains \u00e0 faire capoter le projet porte un coup, un autre, \u00e0 la cr\u00e9dibilit\u00e9 de ceux l\u00e0-m\u00eames qui croient se jouer impun\u00e9ment\u00a0 des institutions de la d\u00e9mocratie que le peuple r\u00e9clame.<\/li>\n<li>Dans ces conditions de faux semblants et convaincue, apr\u00e8s cette mascarade, que la Cour Constitutionnelle ne verra pas le jour, je ne peux me remettre dans la course.\u00a0 Non pas, encore une fois, par d\u00e9pit mais bien pour ne pas blanchir, par ma candidature, une op\u00e9ration en trompe l\u2019\u0153il qui participe de manipulations politiciennes \u00e0 hauts risques pour notre devenir d\u00e9mocratique.\u00a0<\/li>\n<\/ol>\n<p>Sana Ben Achour<\/p>\n<p>Professeure en droit public et sciences politiques\u00a0<\/p>\n<p>\u00a0Facult\u00e9 des sciences juridiques politiques et sociales\u00a0<\/p>\n<p>Auteur:<br \/>\n<a href=\"https:\/\/www.leaders.com.tn\/article\/26851-sana-ben-achour-pourquoi-je-me-desiste-de-me-presenter-a-la-cour-constitutionnelle\">Cliquez ici pour lire l&rsquo;article depuis sa source.<\/a><\/p>\n","protected":false},"excerpt":{"rendered":"<p>\u00ab Dans ces conditions de faux semblants et convaincue, apr\u00e8s cette mascarade, que la Cour Constitutionnelle ne verra pas le jour, je ne peux me remettre dans la course.\u00a0 Non pas, encore une fois, par d\u00e9pit mais bien pour ne pas blanchir, par ma candidature, une op\u00e9ration en trompe l\u2019\u0153il qui participe de manipulations politiciennes [&hellip;]<\/p>\n","protected":false},"author":1772,"featured_media":0,"comment_status":"closed","ping_status":"closed","sticky":false,"template":"","format":"standard","meta":{"fifu_image_url":"","fifu_image_alt":"","footnotes":""},"categories":[73,55],"tags":[],"class_list":["post-26344","post","type-post","status-publish","format-standard","hentry","category-actualite","category-tunisie"],"_links":{"self":[{"href":"https:\/\/linitiative.ca\/International\/wp-json\/wp\/v2\/posts\/26344","targetHints":{"allow":["GET"]}}],"collection":[{"href":"https:\/\/linitiative.ca\/International\/wp-json\/wp\/v2\/posts"}],"about":[{"href":"https:\/\/linitiative.ca\/International\/wp-json\/wp\/v2\/types\/post"}],"author":[{"embeddable":true,"href":"https:\/\/linitiative.ca\/International\/wp-json\/wp\/v2\/users\/1772"}],"replies":[{"embeddable":true,"href":"https:\/\/linitiative.ca\/International\/wp-json\/wp\/v2\/comments?post=26344"}],"version-history":[{"count":0,"href":"https:\/\/linitiative.ca\/International\/wp-json\/wp\/v2\/posts\/26344\/revisions"}],"wp:attachment":[{"href":"https:\/\/linitiative.ca\/International\/wp-json\/wp\/v2\/media?parent=26344"}],"wp:term":[{"taxonomy":"category","embeddable":true,"href":"https:\/\/linitiative.ca\/International\/wp-json\/wp\/v2\/categories?post=26344"},{"taxonomy":"post_tag","embeddable":true,"href":"https:\/\/linitiative.ca\/International\/wp-json\/wp\/v2\/tags?post=26344"}],"curies":[{"name":"wp","href":"https:\/\/api.w.org\/{rel}","templated":true}]}}