{"id":26346,"date":"2019-04-06T13:20:00","date_gmt":"2019-04-06T17:20:00","guid":{"rendered":"https:\/\/linitiative.ca\/International\/au-congres-de-nidaa-caid-essebsi-propose-la-paix-des-braves-a-chahed\/"},"modified":"2019-04-06T13:20:00","modified_gmt":"2019-04-06T17:20:00","slug":"au-congres-de-nidaa-caid-essebsi-propose-la-paix-des-braves-a-chahed","status":"publish","type":"post","link":"https:\/\/linitiative.ca\/International\/au-congres-de-nidaa-caid-essebsi-propose-la-paix-des-braves-a-chahed\/","title":{"rendered":"Au congr\u00e8s de Nidaa,  Ca\u00efd Essebsi propose \u00ab\u00a0la paix des braves\u00a0\u00bb \u00e0 Chahed"},"content":{"rendered":"<p class=\"MsoNormal\">\u00ab\u00a0J\u2019appelle la direction de Nidaa Toun\u00e8s \u00e0 lever le gel de l\u2019adh\u00e9sion du chef de Gouvernement au parti lui permettant ainsi de retrouver sa famille\u00a0\u00bb. A vrai dire, l\u2019initiative du pr\u00e9sident de la R\u00e9publique lanc\u00e9e \u00e0 l\u2019ouverture du premier congr\u00e8s \u00e9lectif de Nidaa Toun\u00e8s constitue une demi-surprise quand on sait qu\u2019elle a \u00e9t\u00e9 pr\u00e9c\u00e9d\u00e9e par des <span class=\"c2\">rumeurs de contacts entre des proches des deux partie<\/span>s. A priori, on est en droit de se demander comment Chahed pourrait faire fausse route \u00e0 ses compagnons qui l&rsquo;avaient soutenu dans les moments difficiles et rejoindre Nidaa. Au surplus, la r\u00e9conciliation entre le chef de gouvernemernt et HCS sera bien difficile apr\u00e8s les \u00e9changes tr\u00e8s vifs qu&rsquo;ils ont eus par le pass\u00e9. Mais en politique, il n&rsquo;y pas d&rsquo;amiti\u00e9 durable et de rupture durable, d\u00a0\u00bbautant plus que la conjoncture internationale tr\u00e8s tendue avec les derniers d\u00e9veloppements en Libye et en Alg\u00e9rie ainsi que la crise \u00e9conomique en Tunisie\u00a0 se pr\u00eate \u00e0 une union sacr\u00e9e. En tout cas, sa proposition a \u00e9t\u00e9 salu\u00e9e par une salve d&rsquo;applaudissements dans la salle. BCE a ajout\u00e9 que le parti est ouvert \u00e0 ceux qui veulent y retourner et souhait\u00e9 bon vent \u00e0 ceux qui l&rsquo;ont quitt\u00e9 tout en critiquant ceux qui qui veulent \u00ab avoir un pied au parti et un autre ailleurs\u00bb.\u00a0<\/p>\n<p class=\"MsoNormal\">Il faut dire que le pr\u00e9sident de la R\u00e9publique a \u00e9t\u00e9 le premier \u00e0 en tenir compte puisqu&rsquo;il s&rsquo;est r\u00e9solu \u00e0 mettre une croix sur ses ambitions pr\u00e9sidentielles. Apr\u00e8s tout, a-t-il reconnu, la Tunisie est riche en jeunes de qualit\u00e9 qui peuvent prendre la rel\u00e8ve.<\/p>\n<p class=\"MsoNormal\">Il s&rsquo;est dit enfin confiant en l&rsquo;avenir de son parti, malgr\u00e9 les d\u00e9parts qu&rsquo;il a connus, se d\u00e9fendant une fois de plus de toute tentation h\u00e9r\u00e9ditaire.\u00a0 <span class=\"c2\">\u00a0<\/span> <span class=\"c2\"><br \/><\/span><\/p>\n<p>Auteur:<br \/>\n<a href=\"https:\/\/www.leaders.com.tn\/article\/26852-au-congres-de-nidaa-caid-essebsi-propose-la-paix-des-braves-a-chahed\">Cliquez ici pour lire l&rsquo;article depuis sa source.<\/a><\/p>\n","protected":false},"excerpt":{"rendered":"<p>\u00ab\u00a0J\u2019appelle la direction de Nidaa Toun\u00e8s \u00e0 lever le gel de l\u2019adh\u00e9sion du chef de Gouvernement au parti lui permettant ainsi de retrouver sa famille\u00a0\u00bb. A vrai dire, l\u2019initiative du pr\u00e9sident de la R\u00e9publique lanc\u00e9e \u00e0 l\u2019ouverture du premier congr\u00e8s \u00e9lectif de Nidaa Toun\u00e8s constitue une demi-surprise quand on sait qu\u2019elle a \u00e9t\u00e9 pr\u00e9c\u00e9d\u00e9e par [&hellip;]<\/p>\n","protected":false},"author":1772,"featured_media":0,"comment_status":"closed","ping_status":"closed","sticky":false,"template":"","format":"standard","meta":{"fifu_image_url":"","fifu_image_alt":"","footnotes":""},"categories":[73,55],"tags":[],"class_list":["post-26346","post","type-post","status-publish","format-standard","hentry","category-actualite","category-tunisie"],"_links":{"self":[{"href":"https:\/\/linitiative.ca\/International\/wp-json\/wp\/v2\/posts\/26346","targetHints":{"allow":["GET"]}}],"collection":[{"href":"https:\/\/linitiative.ca\/International\/wp-json\/wp\/v2\/posts"}],"about":[{"href":"https:\/\/linitiative.ca\/International\/wp-json\/wp\/v2\/types\/post"}],"author":[{"embeddable":true,"href":"https:\/\/linitiative.ca\/International\/wp-json\/wp\/v2\/users\/1772"}],"replies":[{"embeddable":true,"href":"https:\/\/linitiative.ca\/International\/wp-json\/wp\/v2\/comments?post=26346"}],"version-history":[{"count":0,"href":"https:\/\/linitiative.ca\/International\/wp-json\/wp\/v2\/posts\/26346\/revisions"}],"wp:attachment":[{"href":"https:\/\/linitiative.ca\/International\/wp-json\/wp\/v2\/media?parent=26346"}],"wp:term":[{"taxonomy":"category","embeddable":true,"href":"https:\/\/linitiative.ca\/International\/wp-json\/wp\/v2\/categories?post=26346"},{"taxonomy":"post_tag","embeddable":true,"href":"https:\/\/linitiative.ca\/International\/wp-json\/wp\/v2\/tags?post=26346"}],"curies":[{"name":"wp","href":"https:\/\/api.w.org\/{rel}","templated":true}]}}