{"id":26349,"date":"2019-04-06T13:58:34","date_gmt":"2019-04-06T17:58:34","guid":{"rendered":"https:\/\/linitiative.ca\/International\/tunisie-mehdi-ben-gharbia-repond-a-bce-aujourdhui-il-est-clair-que-tout-ce-que-nous-ont-raconte-bce-et-nidaa-la-derniere-annee-etaient-des-conneries\/"},"modified":"2019-04-06T13:58:34","modified_gmt":"2019-04-06T17:58:34","slug":"tunisie-mehdi-ben-gharbia-repond-a-bce-aujourdhui-il-est-clair-que-tout-ce-que-nous-ont-raconte-bce-et-nidaa-la-derniere-annee-etaient-des-conneries","status":"publish","type":"post","link":"https:\/\/linitiative.ca\/International\/tunisie-mehdi-ben-gharbia-repond-a-bce-aujourdhui-il-est-clair-que-tout-ce-que-nous-ont-raconte-bce-et-nidaa-la-derniere-annee-etaient-des-conneries\/","title":{"rendered":"Tunisie \u2013 Mehdi Ben Gharbia r\u00e9pond \u00e0 BCE : Aujourd\u2019hui, il est clair que tout ce que nous ont racont\u00e9 BCE et nidaa la derni\u00e8re ann\u00e9e \u00e9taient des conneries !"},"content":{"rendered":"<div class=\"post-cont-in left relative\">\n<div class=\"nc_socialPanel swp_flatFresh swp_d_fullColor swp_i_fullColor swp_o_fullColor scale-100 scale-fullWidth\" data-position=\"none\" data-float=\"floatNone\" data-count=\"5\" data-floatcolor=\"#ffffff\" data-emphasize=\"0\">\n<div class=\"nc_tweetContainer totes totesalt\" data-id=\"6\"><span class=\"swp_count\"><span class=\"swp_label\">Partages<\/span> 58<\/span><\/div>\n<\/div>\n<p>Le leader au sein du parti Tahya Tounes et ex-ministre dans le cabinet Youssef Chahed, Mehdi Ben Gharbia, a r\u00e9pondu ce samedi, par le biais de sa page Facebook, \u00e0 l\u2019appel lanc\u00e9 par le pr\u00e9sident de la R\u00e9publique, B\u00e9ji Ca\u00efed Essebsi, \u00e0 la lev\u00e9e du gel de l\u2019adh\u00e9sion de Chahed \u00e0 Nidaa Tounes.<\/p>\n<p>Ben Ghrabia s\u2019est f\u00e9licit\u00e9 que la v\u00e9rit\u00e9 ait fini par sortir au grand jour et par la bouche de celui qu\u2019ils consid\u00e8rent comme le plus sage. La v\u00e9rit\u00e9 que tout ce qui a \u00e9t\u00e9 dit\u00a0sur Youssef Chahed en rapport avec son incomp\u00e9tence et qu\u2019il ait \u00e9t\u00e9 la cause de tous les malheurs de la Tunisie, ne sont que des ragots et des mensonges. Sinon, pourquoi BCE appellerait-il \u00e0 son retour au bercail, s\u2019il \u00e9tait aussi nul qu\u2019on a bien voulu le faire croire pendant plus d\u2019une ann\u00e9e\u00a0?<\/p>\n<div class=\"code-block code-block-1 c3\"><ins class=\"adsbygoogle c2\" data-ad-layout=\"in-article\" data-ad-format=\"fluid\" data-ad-client=\"ca-pub-2102118777505746\" data-ad-slot=\"7301775417\"\/> <\/div>\n<p>Mehdi Ben Gharbiya croit donc, qu\u2019avec l\u2019appel \u00e0 son retour \u00e0 Nidaa Tounes, BCE aura, peut-\u00eatre sans le vouloir, a lav\u00e9 Youssef Chahed, ainsi que certains membres de son \u00e9quipe qui ont \u00e9t\u00e9 l\u00e9s\u00e9s uniquement parce qu\u2019ils ont travaill\u00e9 avec lui, de tout soup\u00e7on\u2026 Une v\u00e9rit\u00e9 qu\u2019il fait bon entendre, selon Ben Gharbiya\u00a0!<\/p>\n<p><img loading=\"lazy\" decoding=\"async\" class=\"aligncenter wp-image-426521\" src=\"https:\/\/www.tunisienumerique.com\/wp-content\/uploads\/2019\/04\/mbg.jpg\" alt=\"\" width=\"501\" height=\"437\"\/><\/p>\n<div class=\"mvp-org-wrap mvp-org-logo\" itemprop=\"publisher\" itemscope=\"\" itemtype=\"https:\/\/schema.org\/Organization\"><img decoding=\"async\" src=\"https:\/\/www.tunisienumerique.com\/wp-content\/uploads\/2017\/02\/logo_tunisie_numerique.png\"\/><\/div>\n<div class=\"nc_socialPanel swp_flatFresh swp_d_fullColor swp_i_fullColor swp_o_fullColor scale-100 scale-fullWidth\" data-position=\"none\" data-float=\"floatNone\" data-count=\"5\" data-floatcolor=\"#ffffff\" data-emphasize=\"0\">\n<div class=\"nc_tweetContainer totes totesalt\" data-id=\"6\"><span class=\"swp_count\"><span class=\"swp_label\">Partages<\/span> 58<\/span><\/div>\n<\/div>\n<div class=\"mvp-related-posts left relative\">\n<h4 class=\"post-header\"><span class=\"post-header\">Lire aussi<\/span><\/h4>\n<\/div>\n<\/div>\n<p>Auteur: LM<br \/>\n<a href=\"https:\/\/www.tunisienumerique.com\/tunisie-mehdi-ben-gharbia-repond-a-bce\/\">Cliquez ici pour lire l&rsquo;article depuis sa source.<\/a><\/p>\n","protected":false},"excerpt":{"rendered":"<p>Partages 58 Le leader au sein du parti Tahya Tounes et ex-ministre dans le cabinet Youssef Chahed, Mehdi Ben Gharbia, a r\u00e9pondu ce samedi, par le biais de sa page Facebook, \u00e0 l\u2019appel lanc\u00e9 par le pr\u00e9sident de la R\u00e9publique, B\u00e9ji Ca\u00efed Essebsi, \u00e0 la lev\u00e9e du gel de l\u2019adh\u00e9sion de Chahed \u00e0 Nidaa Tounes. [&hellip;]<\/p>\n","protected":false},"author":1789,"featured_media":26350,"comment_status":"closed","ping_status":"closed","sticky":false,"template":"","format":"standard","meta":{"fifu_image_url":"","fifu_image_alt":"","footnotes":""},"categories":[73,55],"tags":[],"class_list":["post-26349","post","type-post","status-publish","format-standard","has-post-thumbnail","hentry","category-actualite","category-tunisie"],"_links":{"self":[{"href":"https:\/\/linitiative.ca\/International\/wp-json\/wp\/v2\/posts\/26349","targetHints":{"allow":["GET"]}}],"collection":[{"href":"https:\/\/linitiative.ca\/International\/wp-json\/wp\/v2\/posts"}],"about":[{"href":"https:\/\/linitiative.ca\/International\/wp-json\/wp\/v2\/types\/post"}],"author":[{"embeddable":true,"href":"https:\/\/linitiative.ca\/International\/wp-json\/wp\/v2\/users\/1789"}],"replies":[{"embeddable":true,"href":"https:\/\/linitiative.ca\/International\/wp-json\/wp\/v2\/comments?post=26349"}],"version-history":[{"count":0,"href":"https:\/\/linitiative.ca\/International\/wp-json\/wp\/v2\/posts\/26349\/revisions"}],"wp:featuredmedia":[{"embeddable":true,"href":"https:\/\/linitiative.ca\/International\/wp-json\/"}],"wp:attachment":[{"href":"https:\/\/linitiative.ca\/International\/wp-json\/wp\/v2\/media?parent=26349"}],"wp:term":[{"taxonomy":"category","embeddable":true,"href":"https:\/\/linitiative.ca\/International\/wp-json\/wp\/v2\/categories?post=26349"},{"taxonomy":"post_tag","embeddable":true,"href":"https:\/\/linitiative.ca\/International\/wp-json\/wp\/v2\/tags?post=26349"}],"curies":[{"name":"wp","href":"https:\/\/api.w.org\/{rel}","templated":true}]}}