{"id":26357,"date":"2019-04-06T16:43:11","date_gmt":"2019-04-06T20:43:11","guid":{"rendered":"https:\/\/linitiative.ca\/International\/libye-le-qatar-et-la-turquie-ravitaillent-des-groupes-terroristes-en-armes-et-munitions\/"},"modified":"2019-04-06T16:43:11","modified_gmt":"2019-04-06T20:43:11","slug":"libye-le-qatar-et-la-turquie-ravitaillent-des-groupes-terroristes-en-armes-et-munitions","status":"publish","type":"post","link":"https:\/\/linitiative.ca\/International\/libye-le-qatar-et-la-turquie-ravitaillent-des-groupes-terroristes-en-armes-et-munitions\/","title":{"rendered":"Libye\u00a0: Le Qatar et la Turquie ravitaillent des groupes terroristes en armes et munitions"},"content":{"rendered":"<div class=\"post-cont-in left relative\">\n<div class=\"nc_socialPanel swp_flatFresh swp_d_fullColor swp_i_fullColor swp_o_fullColor scale-100 scale-fullWidth\" data-position=\"none\" data-float=\"floatNone\" data-count=\"5\" data-floatcolor=\"#ffffff\" data-emphasize=\"0\">\n<div class=\"nc_tweetContainer totes totesalt\" data-id=\"6\"><span class=\"swp_count\"><span class=\"swp_label\">Partages<\/span> 72<\/span><\/div>\n<\/div>\n<p>Le porte-parole de l\u2019arm\u00e9e libyenne conduite par le g\u00e9n\u00e9ral Haftar, le colonel Simsari a annonc\u00e9 ce samedi, que les forces de l\u2019arm\u00e9e libyennes sont en train d\u2019avancer assez rapidement \u00e0 l\u2019int\u00e9rieur de Tripoli, ajoutant que la prise de la ville s\u2019av\u00e8re plus facile que pr\u00e9vu.<\/p>\n<p>Simsari a accus\u00e9 la Turquie et le Qatar d\u2019envoyer des armes et des munitions aux groupes terroristes qui s\u00e9vissent dans la capitale, dans l\u2019espoir vain de freiner l\u2019avanc\u00e9e de l\u2019arm\u00e9e libyenne.<\/p>\n<div class=\"code-block code-block-1 c3\"><ins class=\"adsbygoogle c2\" data-ad-layout=\"in-article\" data-ad-format=\"fluid\" data-ad-client=\"ca-pub-2102118777505746\" data-ad-slot=\"7301775417\"\/> <\/div>\n<div class=\"mvp-org-wrap mvp-org-logo\" itemprop=\"publisher\" itemscope=\"\" itemtype=\"https:\/\/schema.org\/Organization\"><img decoding=\"async\" src=\"https:\/\/www.tunisienumerique.com\/wp-content\/uploads\/2017\/02\/logo_tunisie_numerique.png\"\/><\/div>\n<div class=\"nc_socialPanel swp_flatFresh swp_d_fullColor swp_i_fullColor swp_o_fullColor scale-100 scale-fullWidth\" data-position=\"none\" data-float=\"floatNone\" data-count=\"5\" data-floatcolor=\"#ffffff\" data-emphasize=\"0\">\n<div class=\"nc_tweetContainer totes totesalt\" data-id=\"6\"><span class=\"swp_count\"><span class=\"swp_label\">Partages<\/span> 72<\/span><\/div>\n<\/div>\n<div class=\"mvp-related-posts left relative\">\n<h4 class=\"post-header\"><span class=\"post-header\">Lire aussi<\/span><\/h4>\n<\/div>\n<\/div>\n<p>Auteur: LM<br \/>\n<a href=\"https:\/\/www.tunisienumerique.com\/libye-le-qatar-et-la-turquie-ravitaillent-des-groupes-terroristes-en-armes-et-munitions\/\">Cliquez ici pour lire l&rsquo;article depuis sa source.<\/a><\/p>\n","protected":false},"excerpt":{"rendered":"<p>Partages 72 Le porte-parole de l\u2019arm\u00e9e libyenne conduite par le g\u00e9n\u00e9ral Haftar, le colonel Simsari a annonc\u00e9 ce samedi, que les forces de l\u2019arm\u00e9e libyennes sont en train d\u2019avancer assez rapidement \u00e0 l\u2019int\u00e9rieur de Tripoli, ajoutant que la prise de la ville s\u2019av\u00e8re plus facile que pr\u00e9vu. Simsari a accus\u00e9 la Turquie et le Qatar [&hellip;]<\/p>\n","protected":false},"author":1789,"featured_media":26358,"comment_status":"closed","ping_status":"closed","sticky":false,"template":"","format":"standard","meta":{"fifu_image_url":"","fifu_image_alt":"","footnotes":""},"categories":[73,55],"tags":[],"class_list":["post-26357","post","type-post","status-publish","format-standard","has-post-thumbnail","hentry","category-actualite","category-tunisie"],"_links":{"self":[{"href":"https:\/\/linitiative.ca\/International\/wp-json\/wp\/v2\/posts\/26357","targetHints":{"allow":["GET"]}}],"collection":[{"href":"https:\/\/linitiative.ca\/International\/wp-json\/wp\/v2\/posts"}],"about":[{"href":"https:\/\/linitiative.ca\/International\/wp-json\/wp\/v2\/types\/post"}],"author":[{"embeddable":true,"href":"https:\/\/linitiative.ca\/International\/wp-json\/wp\/v2\/users\/1789"}],"replies":[{"embeddable":true,"href":"https:\/\/linitiative.ca\/International\/wp-json\/wp\/v2\/comments?post=26357"}],"version-history":[{"count":0,"href":"https:\/\/linitiative.ca\/International\/wp-json\/wp\/v2\/posts\/26357\/revisions"}],"wp:featuredmedia":[{"embeddable":true,"href":"https:\/\/linitiative.ca\/International\/wp-json\/"}],"wp:attachment":[{"href":"https:\/\/linitiative.ca\/International\/wp-json\/wp\/v2\/media?parent=26357"}],"wp:term":[{"taxonomy":"category","embeddable":true,"href":"https:\/\/linitiative.ca\/International\/wp-json\/wp\/v2\/categories?post=26357"},{"taxonomy":"post_tag","embeddable":true,"href":"https:\/\/linitiative.ca\/International\/wp-json\/wp\/v2\/tags?post=26357"}],"curies":[{"name":"wp","href":"https:\/\/api.w.org\/{rel}","templated":true}]}}