{"id":26359,"date":"2019-04-06T16:50:41","date_gmt":"2019-04-06T20:50:41","guid":{"rendered":"https:\/\/linitiative.ca\/International\/tunisie-tabboubi-le-gouvernement-nannulera-pas-la-majoration-des-prix-des-carburants-mais\/"},"modified":"2019-04-06T16:50:41","modified_gmt":"2019-04-06T20:50:41","slug":"tunisie-tabboubi-le-gouvernement-nannulera-pas-la-majoration-des-prix-des-carburants-mais","status":"publish","type":"post","link":"https:\/\/linitiative.ca\/International\/tunisie-tabboubi-le-gouvernement-nannulera-pas-la-majoration-des-prix-des-carburants-mais\/","title":{"rendered":"Tunisie \u2013 Tabboubi\u00a0: Le gouvernement n\u2019annulera pas la majoration des prix des carburants, Mais\u2026"},"content":{"rendered":"<div class=\"post-cont-in left relative\">\n<div class=\"nc_socialPanel swp_flatFresh swp_d_fullColor swp_i_fullColor swp_o_fullColor scale-100 scale-fullWidth\" data-position=\"none\" data-float=\"floatNone\" data-count=\"5\" data-floatcolor=\"#ffffff\" data-emphasize=\"0\">\n<div class=\"nc_tweetContainer totes totesalt\" data-id=\"6\"><span class=\"swp_count\"><span class=\"swp_label\">Partages<\/span> 14<\/span><\/div>\n<\/div>\n<p>Le secr\u00e9taire g\u00e9n\u00e9ral de l\u2019UGTT, Noureddine Tabboubi, a annonc\u00e9, ce samedi, que le gouvernement ne pourra pas annuler la derni\u00e8re majoration des prix des carburants. Et ceci est une \u00e9ni\u00e8me preuve que l\u2019Etat tunisien n\u2019est pas maitre de ses d\u00e9cisions, qui se prennent outre mer.<\/p>\n<p>Mais, a ajout\u00e9 Tabboubi, en contre partie, le gouvernement devra trouver les moyens et m\u00e9canismes pour all\u00e9ger les cons\u00e9quences de cette majoration, sur les professionnels et les particuliers, de m\u00eame qu\u2019il devra faire de sorte que cette majoration n\u2019ait pas de grandes r\u00e9percussions sur le pouvoir d\u2019achat du citoyen.<\/p>\n<div class=\"code-block code-block-1 c3\"><ins class=\"adsbygoogle c2\" data-ad-layout=\"in-article\" data-ad-format=\"fluid\" data-ad-client=\"ca-pub-2102118777505746\" data-ad-slot=\"7301775417\"\/> <\/div>\n<div class=\"mvp-org-wrap mvp-org-logo\" itemprop=\"publisher\" itemscope=\"\" itemtype=\"https:\/\/schema.org\/Organization\"><img decoding=\"async\" src=\"https:\/\/www.tunisienumerique.com\/wp-content\/uploads\/2017\/02\/logo_tunisie_numerique.png\"\/><\/div>\n<div class=\"nc_socialPanel swp_flatFresh swp_d_fullColor swp_i_fullColor swp_o_fullColor scale-100 scale-fullWidth\" data-position=\"none\" data-float=\"floatNone\" data-count=\"5\" data-floatcolor=\"#ffffff\" data-emphasize=\"0\">\n<div class=\"nc_tweetContainer totes totesalt\" data-id=\"6\"><span class=\"swp_count\"><span class=\"swp_label\">Partages<\/span> 14<\/span><\/div>\n<\/div>\n<div class=\"mvp-related-posts left relative\">\n<h4 class=\"post-header\"><span class=\"post-header\">Lire aussi<\/span><\/h4>\n<\/div>\n<\/div>\n<p>Auteur: LM<br \/>\n<a href=\"https:\/\/www.tunisienumerique.com\/tunisie-tabboubi-le-gouvernement-nannulera-pas-la-majoration-des-prix-des-carburants-mais\/\">Cliquez ici pour lire l&rsquo;article depuis sa source.<\/a><\/p>\n","protected":false},"excerpt":{"rendered":"<p>Partages 14 Le secr\u00e9taire g\u00e9n\u00e9ral de l\u2019UGTT, Noureddine Tabboubi, a annonc\u00e9, ce samedi, que le gouvernement ne pourra pas annuler la derni\u00e8re majoration des prix des carburants. Et ceci est une \u00e9ni\u00e8me preuve que l\u2019Etat tunisien n\u2019est pas maitre de ses d\u00e9cisions, qui se prennent outre mer. Mais, a ajout\u00e9 Tabboubi, en contre partie, le [&hellip;]<\/p>\n","protected":false},"author":1789,"featured_media":26360,"comment_status":"closed","ping_status":"closed","sticky":false,"template":"","format":"standard","meta":{"fifu_image_url":"","fifu_image_alt":"","footnotes":""},"categories":[73,55],"tags":[],"class_list":["post-26359","post","type-post","status-publish","format-standard","has-post-thumbnail","hentry","category-actualite","category-tunisie"],"_links":{"self":[{"href":"https:\/\/linitiative.ca\/International\/wp-json\/wp\/v2\/posts\/26359","targetHints":{"allow":["GET"]}}],"collection":[{"href":"https:\/\/linitiative.ca\/International\/wp-json\/wp\/v2\/posts"}],"about":[{"href":"https:\/\/linitiative.ca\/International\/wp-json\/wp\/v2\/types\/post"}],"author":[{"embeddable":true,"href":"https:\/\/linitiative.ca\/International\/wp-json\/wp\/v2\/users\/1789"}],"replies":[{"embeddable":true,"href":"https:\/\/linitiative.ca\/International\/wp-json\/wp\/v2\/comments?post=26359"}],"version-history":[{"count":0,"href":"https:\/\/linitiative.ca\/International\/wp-json\/wp\/v2\/posts\/26359\/revisions"}],"wp:featuredmedia":[{"embeddable":true,"href":"https:\/\/linitiative.ca\/International\/wp-json\/"}],"wp:attachment":[{"href":"https:\/\/linitiative.ca\/International\/wp-json\/wp\/v2\/media?parent=26359"}],"wp:term":[{"taxonomy":"category","embeddable":true,"href":"https:\/\/linitiative.ca\/International\/wp-json\/wp\/v2\/categories?post=26359"},{"taxonomy":"post_tag","embeddable":true,"href":"https:\/\/linitiative.ca\/International\/wp-json\/wp\/v2\/tags?post=26359"}],"curies":[{"name":"wp","href":"https:\/\/api.w.org\/{rel}","templated":true}]}}