{"id":26363,"date":"2019-04-06T17:13:06","date_gmt":"2019-04-06T21:13:06","guid":{"rendered":"https:\/\/linitiative.ca\/International\/tunisie-congres-de-nidaa-tounes-election-demain-des-membres-du-comite-central-et-du-bureau-politique-du-parti\/"},"modified":"2019-04-06T17:13:06","modified_gmt":"2019-04-06T21:13:06","slug":"tunisie-congres-de-nidaa-tounes-election-demain-des-membres-du-comite-central-et-du-bureau-politique-du-parti","status":"publish","type":"post","link":"https:\/\/linitiative.ca\/International\/tunisie-congres-de-nidaa-tounes-election-demain-des-membres-du-comite-central-et-du-bureau-politique-du-parti\/","title":{"rendered":"Tunisie \u2013 Congr\u00e8s de Nidaa Tounes\u00a0: Election, demain, des membres du comit\u00e9 central et du bureau politique du parti"},"content":{"rendered":"<div class=\"post-cont-in left relative\">\n<div class=\"nc_socialPanel swp_flatFresh swp_d_fullColor swp_i_fullColor swp_o_fullColor scale-100 scale-fullWidth\" data-position=\"none\" data-float=\"floatNone\" data-count=\"5\" data-floatcolor=\"#ffffff\" data-emphasize=\"0\">\n<div class=\"nc_tweetContainer totes totesalt\" data-id=\"6\"><span class=\"swp_count\"><span class=\"swp_label\">Partages<\/span> 1<\/span><\/div>\n<\/div>\n<p>Le porte parole du parti Nidaa Tounes a annonc\u00e9, ce samedi, que le premier congr\u00e8s du parti se d\u00e9roulait dans des conditions optimales, dans\u00a0 un des h\u00f4tels de la ville de Monastir, apr\u00e8s la s\u00e9ance d\u2019ouverture pr\u00e9sid\u00e9e par BCE, ajoutant que les congressistes seront appel\u00e9s, demain dimanche, \u00e0 \u00e9lire les membres des futurs comit\u00e9s central et bureau politique du parti.<\/p>\n<div class=\"mvp-org-wrap mvp-org-logo\" itemprop=\"publisher\" itemscope=\"\" itemtype=\"https:\/\/schema.org\/Organization\"><img decoding=\"async\" src=\"https:\/\/www.tunisienumerique.com\/wp-content\/uploads\/2017\/02\/logo_tunisie_numerique.png\"\/><\/div>\n<div class=\"nc_socialPanel swp_flatFresh swp_d_fullColor swp_i_fullColor swp_o_fullColor scale-100 scale-fullWidth\" data-position=\"none\" data-float=\"floatNone\" data-count=\"5\" data-floatcolor=\"#ffffff\" data-emphasize=\"0\">\n<div class=\"nc_tweetContainer totes totesalt\" data-id=\"6\"><span class=\"swp_count\"><span class=\"swp_label\">Partages<\/span> 1<\/span><\/div>\n<\/div>\n<div class=\"mvp-related-posts left relative\">\n<h4 class=\"post-header\"><span class=\"post-header\">Lire aussi<\/span><\/h4>\n<\/div>\n<\/div>\n<p>Auteur: LM<br \/>\n<a href=\"https:\/\/www.tunisienumerique.com\/tunisie-congres-de-nidaa-tounes-election-demain-des-membres-du-comite-central-et-du-bureau-politique-du-parti\/\">Cliquez ici pour lire l&rsquo;article depuis sa source.<\/a><\/p>\n","protected":false},"excerpt":{"rendered":"<p>Partages 1 Le porte parole du parti Nidaa Tounes a annonc\u00e9, ce samedi, que le premier congr\u00e8s du parti se d\u00e9roulait dans des conditions optimales, dans\u00a0 un des h\u00f4tels de la ville de Monastir, apr\u00e8s la s\u00e9ance d\u2019ouverture pr\u00e9sid\u00e9e par BCE, ajoutant que les congressistes seront appel\u00e9s, demain dimanche, \u00e0 \u00e9lire les membres des futurs [&hellip;]<\/p>\n","protected":false},"author":1789,"featured_media":26364,"comment_status":"closed","ping_status":"closed","sticky":false,"template":"","format":"standard","meta":{"fifu_image_url":"","fifu_image_alt":"","footnotes":""},"categories":[73,55],"tags":[],"class_list":["post-26363","post","type-post","status-publish","format-standard","has-post-thumbnail","hentry","category-actualite","category-tunisie"],"_links":{"self":[{"href":"https:\/\/linitiative.ca\/International\/wp-json\/wp\/v2\/posts\/26363","targetHints":{"allow":["GET"]}}],"collection":[{"href":"https:\/\/linitiative.ca\/International\/wp-json\/wp\/v2\/posts"}],"about":[{"href":"https:\/\/linitiative.ca\/International\/wp-json\/wp\/v2\/types\/post"}],"author":[{"embeddable":true,"href":"https:\/\/linitiative.ca\/International\/wp-json\/wp\/v2\/users\/1789"}],"replies":[{"embeddable":true,"href":"https:\/\/linitiative.ca\/International\/wp-json\/wp\/v2\/comments?post=26363"}],"version-history":[{"count":0,"href":"https:\/\/linitiative.ca\/International\/wp-json\/wp\/v2\/posts\/26363\/revisions"}],"wp:featuredmedia":[{"embeddable":true,"href":"https:\/\/linitiative.ca\/International\/wp-json\/"}],"wp:attachment":[{"href":"https:\/\/linitiative.ca\/International\/wp-json\/wp\/v2\/media?parent=26363"}],"wp:term":[{"taxonomy":"category","embeddable":true,"href":"https:\/\/linitiative.ca\/International\/wp-json\/wp\/v2\/categories?post=26363"},{"taxonomy":"post_tag","embeddable":true,"href":"https:\/\/linitiative.ca\/International\/wp-json\/wp\/v2\/tags?post=26363"}],"curies":[{"name":"wp","href":"https:\/\/api.w.org\/{rel}","templated":true}]}}