{"id":26367,"date":"2019-04-06T11:36:44","date_gmt":"2019-04-06T15:36:44","guid":{"rendered":"https:\/\/linitiative.ca\/International\/delivrance-de-passeports-et-de-cnib-en-france-lambassadeur-ilboudo-satisfait-de-loperation\/"},"modified":"2019-04-06T11:36:44","modified_gmt":"2019-04-06T15:36:44","slug":"delivrance-de-passeports-et-de-cnib-en-france-lambassadeur-ilboudo-satisfait-de-loperation","status":"publish","type":"post","link":"https:\/\/linitiative.ca\/International\/delivrance-de-passeports-et-de-cnib-en-france-lambassadeur-ilboudo-satisfait-de-loperation\/","title":{"rendered":"D\u00e9livrance de passeports et de CNIB en France\u00a0: L\u2019ambassadeur Ilboudo satisfait de l\u2019op\u00e9ration"},"content":{"rendered":"<div class=\"td-post-featured-image\"><a href=\"https:\/\/i0.wp.com\/www.sidwaya.info\/wp-content\/uploads\/2019\/04\/afi.jpg?fit=600%2C399&#038;ssl=1\" data-caption=\"\"><img loading=\"lazy\" decoding=\"async\" width=\"600\" height=\"399\" class=\"entry-thumb td-modal-image\" src=\"https:\/\/i0.wp.com\/www.sidwaya.info\/wp-content\/uploads\/2019\/04\/afi.jpg?resize=600%2C399&#038;ssl=1\" srcset=\"https:\/\/i0.wp.com\/www.sidwaya.info\/wp-content\/uploads\/2019\/04\/afi.jpg?w=600&#038;ssl=1 600w, https:\/\/i0.wp.com\/www.sidwaya.info\/wp-content\/uploads\/2019\/04\/afi.jpg?resize=300%2C200&#038;ssl=1 300w\" sizes=\"auto, (max-width: 600px) 100vw, 600px\" alt=\"\" title=\"afi\"\/><\/a><\/div>\n<div class=\"td-a-rec td-a-rec-id-content_top td_uid_30_5ca91daa15353_rand td_block_template_1\"><img loading=\"lazy\" decoding=\"async\" class=\"aligncenter size-full wp-image-4463\" src=\"https:\/\/www.sidwaya.info\/wp-content\/uploads\/2019\/02\/FESPACO-TOUR-2019-Bannie%CC%80re-728x90-1.jpg\" alt=\"\" width=\"728\" height=\"90\"\/><\/div>\n<p><strong>\u00a0<\/strong><strong>La mission consulaire sp\u00e9ciale de d\u00e9livrance de passeports et de CNIB d\u00e9p\u00each\u00e9e en France depuis le 22 mars a pris fin le 04 avril 2019. Pendant leur s\u00e9jour, une \u00e9quipe a travaill\u00e9 en permanence \u00e0 l\u2019ambassade \u00e0 Paris tandis qu\u2019un deuxi\u00e8me groupe s\u2019est d\u00e9ploy\u00e9 \u00e0 Bordeaux les 23 et 24 mars et \u00e0 Marseille les 30 et 31 mars 2019. Monsieur Alain Francis Gustave Ilboudo, Ambassadeur extraordinaire et pl\u00e9nipotentiaire du Burkina Faso pr\u00e8s la France s\u2019est beaucoup impliqu\u00e9 dans cette mission. Il s\u2019est dit satisfait de l\u2019op\u00e9ration dans sa juridiction et fait le bilan de la mission.<\/strong><\/p>\n<p><strong>Excellence Monsieur l\u2019Ambassadeur, quel bilan pouvez-vous faire au terme de cette mission\u00a0?<\/strong><\/p>\n<p><strong>Alain Francis Gustave Ilboudo\u00a0(AFGI)<\/strong>\u00a0: Merci de me donner l\u2019occasion de m\u2019exprimer sur la mission consulaire sp\u00e9ciale qui a s\u00e9journ\u00e9 en France du 22 mars au 04 avril 2019. Il faut rappeler que cette mission a \u00e9t\u00e9 command\u00e9e dans la perspective de la participation des Burkinab\u00e8 de l\u2019\u00e9tranger aux prochaines \u00e9ch\u00e9ances \u00e9lectorales. Les autorit\u00e9s ont jug\u00e9 bon de prendre des dispositions afin de permettre effectivement cette participation et surtout une participation massive de nos fr\u00e8res et s\u0153urs \u00e0 l\u2019\u00e9tranger. Un bilan de cette op\u00e9ration, je dirais qu\u2019il est globalement positif de mon point de vue. Il faut rappeler que la mission en France est la toute premi\u00e8re mission apr\u00e8s celle du lancement qui a \u00e9t\u00e9 conduite \u00e0 Niamey au Niger par le Ministre de l\u2019Int\u00e9gration africaine et des Burkinab\u00e8 de l\u2019ext\u00e9rieur. L\u2019\u00e9tape qui a suivi est celle de la France et les facilit\u00e9s qui sont ainsi offertes \u00e0 nos compatriotes de se doter \u00e0 la fois de passeports et de Cartes nationales d\u2019identit\u00e9 burkinab\u00e8 (CNIB)\u00a0; ces facilit\u00e9s ont \u00e9t\u00e9 bien accueillies par notre communaut\u00e9. En observant et en \u00e9changeant avec les diff\u00e9rentes \u00e9quipes, on a pu constater une assez bonne fr\u00e9quentation parce qu\u2019\u00e0 ce jour, on a environ 600 dossiers qui ont \u00e9t\u00e9 enr\u00f4l\u00e9s (entretien r\u00e9alis\u00e9 le 04 avril 2019). Donc, je peux dire que la mission a tenu effectivement ses promesses.<\/p>\n<p><strong>Paris a \u00e9t\u00e9 la deuxi\u00e8me \u00e9tape de la mission consulaire sp\u00e9ciale de d\u00e9livrance de passeports et de CNIB apr\u00e8s le lancement intervenu \u00e0 Niamey fin f\u00e9vrier 2019\u00a0: n\u2019aviez-vous pas quelques appr\u00e9hensions, du fait que c\u2019est une premi\u00e8re\u00a0?<\/strong><\/p>\n<p><strong>AFGI<\/strong>\u00a0: Assur\u00e9ment des appr\u00e9hensions il y\u2019en avait, parce que c\u2019est la premi\u00e8re fois que nous accueillons une mission d\u2019une telle envergure. Les appr\u00e9hensions sont tout naturellement li\u00e9es au fait qu\u2019on ne savait pas exactement quelle pouvait \u00eatre la r\u00e9action de la communaut\u00e9 face \u00e0 l\u2019op\u00e9ration\u00a0; en m\u00eame temps on pouvait aussi avoir un sentiment d\u2019espoir par rapport \u00e0 la r\u00e9action quand on consid\u00e8re les enjeux. J\u2019ai dit tant\u00f4t que cette op\u00e9ration a \u00e9t\u00e9 lanc\u00e9e et elle concernera d\u2019autres pays \u00e0 travers le monde, pour permettre aux Burkinab\u00e8 de l\u2019ext\u00e9rieur de participer aux prochaines \u00e9ch\u00e9ances \u00e9lectorales. Quand on sait que la participation des Burkinab\u00e8 aux \u00e9ch\u00e9ances \u00e9lectorales et de fa\u00e7on globale \u00e0 la vie de la Nation est une revendication de notre diaspora, on pouvait s\u2019attendre dans une certaine mesure \u00e0 une grande mobilisation de notre communaut\u00e9. Au-del\u00e0 de la participation aux \u00e9ch\u00e9ances \u00e9lectorales, il y a aussi que cette op\u00e9ration permettra \u00e0 beaucoup de nos compatriotes de se mettre \u00e0 jours du point de vue de la documentation.<\/p>\n<p><strong>Bordeaux et Marseille ont accueilli deux \u00e9quipes de cette mission consulaire\u00a0: est-ce que vous \u00eates satisfait de la mobilisation dans ces deux villes\u00a0?<\/strong><\/p>\n<p><strong>AFGI\u00a0<\/strong>: Effectivement, nous avons imagin\u00e9 qu\u2019il pouvait \u00eatre int\u00e9ressant, dans une perspective de rapprocher l\u2019administration des administr\u00e9s, de d\u00e9p\u00eacher des \u00e9quipes hors de Paris, \u00e9tant entendu que dans la capitale fran\u00e7aise, depuis le 23 mars 2019, nous avions en permanence une \u00e9quipe au niveau de l\u2019ambassade. Des \u00e9changes que j\u2019ai eus avec nos Consuls honoraires \u00e0 Bordeaux et \u00e0 Marseille, (les deux \u00e9quipes envoy\u00e9es en province se sont d\u00e9ploy\u00e9es dans les locaux diplomatiques, \u00e0 savoir nos consulats honoraires), ils \u00e9taient \u00e9galement satisfaits de la fr\u00e9quentation. Mais assur\u00e9ment, la grande partie du travail a \u00e9t\u00e9 faite \u00e0 Paris par l\u2019\u00e9quipe permanente au niveau de l\u2019ambassade.<\/p>\n<p><strong>Est-ce que vous pouvez nous parler des difficult\u00e9s que la mission a rencontr\u00e9es pendant ces deux semaines\u00a0?<\/strong><\/p>\n<p><strong>AFGI\u00a0<\/strong>: Les difficult\u00e9s que je peux relever par rapport \u00e0 une telle mission sont li\u00e9es essentiellement \u00e0 la qualit\u00e9 des documents que les usagers pr\u00e9sentent. On a pu relever quelques cas o\u00f9 des compatriotes se sont pr\u00e9sent\u00e9s avec des documents sujets \u00e0 caution, des documents dont l\u2019authenticit\u00e9 laissait \u00e0 d\u00e9sirer. Et comme les \u00e9quipes comprenaient des agents de la division de la migration et de l\u2019Office national d\u2019identification (ONI), donc des agents professionnels qualifi\u00e9s pour d\u00e9celer certains documents qui ne r\u00e9pondaient pas aux normes, ils essayaient de faire comprendre aux compatriotes la sensibilit\u00e9 de leur situation avec des recommandations et dans la mesure du possible, envisageaient des solutions avec ces compatriotes pour effectivement leur permettre de se mettre \u00e0 jour.<\/p>\n<p>La difficult\u00e9 essentielle qui n\u2019est pas li\u00e9e \u00e0 la mission elle-m\u00eame, \u00e9tait li\u00e9e \u00e0 la question des documents que nos compatriotes pr\u00e9sentaient pour solliciter la CNIB ou le passeport.<\/p>\n<p><strong>\u00c0 partir de cette premi\u00e8re exp\u00e9rience, quels enseignements peut-on tirer\u00a0?<\/strong><\/p>\n<p><strong>AFGI\u00a0<\/strong>: Je dirais d\u2019abord qu\u2019au regard de l\u2019engouement que l\u2019op\u00e9ration a pu susciter au sein de notre communaut\u00e9, c\u2019est d\u00e9j\u00e0 l\u2019int\u00e9r\u00eat que nos compatriotes portent au pays. Un int\u00e9r\u00eat qui se manifeste par la recherche des documents. Je dois dire aussi que m\u00eame ceux-l\u00e0 qui ont la double nationalit\u00e9 ont mis un point d\u2019honneur \u00e0 venir renouveler leurs documents parce que pour la plupart, ils sont rentr\u00e9s en France avec des documents burkinab\u00e8 avant d\u2019acqu\u00e9rir la nationalit\u00e9 fran\u00e7aise. Plusieurs d\u2019entre eux sont revenus pour profiter de cette op\u00e9ration et se mettre \u00e0 jour.<\/p>\n<p>Pour ce qui est de l\u2019op\u00e9ration elle-m\u00eame, je pense que le succ\u00e8s d\u2019une telle mission repose essentiellement sur la communication, la sensibilisation qui doit \u00eatre men\u00e9e au sein de la communaut\u00e9 pour que nos compatriotes comprennent exactement le sens de la d\u00e9marche, qu\u2019ils y adh\u00e8rent et viennent effectivement demander les documents. L\u2019op\u00e9ration a permis aussi \u00e0 l\u2019occasion, aux services consulaires de mettre \u00e0 jour le fichier de nos ressortissants. En effet, dans la constitution des dossiers, il \u00e9tait r\u00e9guli\u00e8rement demand\u00e9 la photocopie de la carte consulaire. En la mati\u00e8re, l\u2019\u00e9tablissement de la carte consulaire est de notre ressort et nous essayons de sensibiliser au maximum nos compatriotes sur l\u2019immatriculation aupr\u00e8s des services consulaires\u00a0; ce qui nous permet de savoir exactement quel est l\u2019\u00e9tat de nos compatriotes en France. Il faut dire qu\u2019en mati\u00e8re de politique de gestion de la diaspora, si vous ne savez pas combien vous avez de ressortissants dans un pays, il vous est difficile d\u2019envisager quoi que ce soit.<\/p>\n<p>Donc, c\u2019est une mission salutaire \u00e0 plus d\u2019un titre et nous souhaitons que les documents demand\u00e9s puissent revenir le plus rapidement possible pour que nous les acheminions \u00e0 leurs titulaires.<\/p>\n<p><strong>Entretien r\u00e9alis\u00e9 par le service presse de l\u2019ambassade du Burkina Faso \u00e0 Paris<\/strong><\/p>\n<div class=\"td-a-rec td-a-rec-id-content_bottom td_uid_31_5ca91daa15587_rand td_block_template_1\"><img loading=\"lazy\" decoding=\"async\" class=\"alignright size-full wp-image-1724\" src=\"https:\/\/www.sidwaya.info\/wp-content\/uploads\/2018\/12\/sidwaya-pub.jpg\" alt=\"\" width=\"720\" height=\"90\"\/><\/div>\n<p>Auteur: BS. Sidwaya<br \/>\n<a href=\"https:\/\/www.sidwaya.info\/blog\/2019\/04\/06\/delivrance-de-passeports-et-de-cnib-en-france-lambassadeur-ilboudo-satisfait-de-loperation\/\">Cliquez ici pour lire l&rsquo;article depuis sa source.<\/a><\/p>\n","protected":false},"excerpt":{"rendered":"<p>\u00a0La mission consulaire sp\u00e9ciale de d\u00e9livrance de passeports et de CNIB d\u00e9p\u00each\u00e9e en France depuis le 22 mars a pris fin le 04 avril 2019. Pendant leur s\u00e9jour, une \u00e9quipe a travaill\u00e9 en permanence \u00e0 l\u2019ambassade \u00e0 Paris tandis qu\u2019un deuxi\u00e8me groupe s\u2019est d\u00e9ploy\u00e9 \u00e0 Bordeaux les 23 et 24 mars et \u00e0 Marseille les [&hellip;]<\/p>\n","protected":false},"author":1816,"featured_media":0,"comment_status":"closed","ping_status":"closed","sticky":false,"template":"","format":"standard","meta":{"fifu_image_url":"","fifu_image_alt":"","footnotes":""},"categories":[73,81],"tags":[],"class_list":["post-26367","post","type-post","status-publish","format-standard","hentry","category-actualite","category-burkina-faso"],"_links":{"self":[{"href":"https:\/\/linitiative.ca\/International\/wp-json\/wp\/v2\/posts\/26367","targetHints":{"allow":["GET"]}}],"collection":[{"href":"https:\/\/linitiative.ca\/International\/wp-json\/wp\/v2\/posts"}],"about":[{"href":"https:\/\/linitiative.ca\/International\/wp-json\/wp\/v2\/types\/post"}],"author":[{"embeddable":true,"href":"https:\/\/linitiative.ca\/International\/wp-json\/wp\/v2\/users\/1816"}],"replies":[{"embeddable":true,"href":"https:\/\/linitiative.ca\/International\/wp-json\/wp\/v2\/comments?post=26367"}],"version-history":[{"count":0,"href":"https:\/\/linitiative.ca\/International\/wp-json\/wp\/v2\/posts\/26367\/revisions"}],"wp:attachment":[{"href":"https:\/\/linitiative.ca\/International\/wp-json\/wp\/v2\/media?parent=26367"}],"wp:term":[{"taxonomy":"category","embeddable":true,"href":"https:\/\/linitiative.ca\/International\/wp-json\/wp\/v2\/categories?post=26367"},{"taxonomy":"post_tag","embeddable":true,"href":"https:\/\/linitiative.ca\/International\/wp-json\/wp\/v2\/tags?post=26367"}],"curies":[{"name":"wp","href":"https:\/\/api.w.org\/{rel}","templated":true}]}}