{"id":26368,"date":"2019-04-06T10:18:05","date_gmt":"2019-04-06T14:18:05","guid":{"rendered":"https:\/\/linitiative.ca\/International\/senegal-attenuation-de-la-contraction-de-lactivite-economique\/"},"modified":"2019-04-06T10:18:05","modified_gmt":"2019-04-06T14:18:05","slug":"senegal-attenuation-de-la-contraction-de-lactivite-economique","status":"publish","type":"post","link":"https:\/\/linitiative.ca\/International\/senegal-attenuation-de-la-contraction-de-lactivite-economique\/","title":{"rendered":"S\u00e9n\u00e9gal : att\u00e9nuation de la contraction de l\u2019activit\u00e9 \u00e9conomique"},"content":{"rendered":"<div readability=\"32\">\n<p>Publi\u00e9 le 06.04.2019 \u00e0 15h18 par APA News<\/p>\n<\/div>\n<div readability=\"63\">\n<p>La contraction de l\u2019activit\u00e9 \u00e9conomique hors agriculture et sylviculture au S\u00e9n\u00e9gal, entam\u00e9e en janvier 2019 avec moins 14,8%, s\u2019est consid\u00e9rablement att\u00e9nu\u00e9e en f\u00e9vrier 2019 avec moins 3,0%, en rythme mensuel, indique la Direction de la pr\u00e9vision et des \u00e9tudes \u00e9conomiques (DPEE) dans une note re\u00e7ue samedi \u00e0 APA.\u00ab Ce repli est imputable au secondaire (moins 10,0%), au tertiaire (moins 2,3%) et au primaire (moins 8,1%) \u00bb, explique la DPEE, soulignant, toutefois, que sur la m\u00eame p\u00e9riode l\u2019administration publique a cr\u00fb de 9,9%.<\/p>\n<p>En revanche, sur une base annuelle, la croissance de l\u2019activit\u00e9 \u00e9conomique est ressortie \u00e0 6,4% en f\u00e9vrier 2019 \u00e0 la faveur de l\u2019administration publique (plus 13,9%), du tertiaire (plus 4,6%), du secondaire (plus 4,1%) et du primaire (plus 9,1%).<\/p>\n<p><ins data-revive-zoneid=\"9\" data-revive-id=\"10111e19d28d19d031742ee3b0b33eb0\"\/> <\/div>\n<p>Auteur: APA News<br \/>\n<a href=\"https:\/\/www.journalducameroun.com\/fr\/senegal-attenuation-de-la-contraction-de-lactivite-economique\/\">Cliquez ici pour lire l&rsquo;article depuis sa source.<\/a><\/p>\n","protected":false},"excerpt":{"rendered":"<p>Publi\u00e9 le 06.04.2019 \u00e0 15h18 par APA News La contraction de l\u2019activit\u00e9 \u00e9conomique hors agriculture et sylviculture au S\u00e9n\u00e9gal, entam\u00e9e en janvier 2019 avec moins 14,8%, s\u2019est consid\u00e9rablement att\u00e9nu\u00e9e en f\u00e9vrier 2019 avec moins 3,0%, en rythme mensuel, indique la Direction de la pr\u00e9vision et des \u00e9tudes \u00e9conomiques (DPEE) dans une note re\u00e7ue samedi \u00e0 [&hellip;]<\/p>\n","protected":false},"author":1965,"featured_media":0,"comment_status":"closed","ping_status":"closed","sticky":false,"template":"","format":"standard","meta":{"fifu_image_url":"","fifu_image_alt":"","footnotes":""},"categories":[73,82],"tags":[],"class_list":["post-26368","post","type-post","status-publish","format-standard","hentry","category-actualite","category-cameroun"],"_links":{"self":[{"href":"https:\/\/linitiative.ca\/International\/wp-json\/wp\/v2\/posts\/26368","targetHints":{"allow":["GET"]}}],"collection":[{"href":"https:\/\/linitiative.ca\/International\/wp-json\/wp\/v2\/posts"}],"about":[{"href":"https:\/\/linitiative.ca\/International\/wp-json\/wp\/v2\/types\/post"}],"author":[{"embeddable":true,"href":"https:\/\/linitiative.ca\/International\/wp-json\/wp\/v2\/users\/1965"}],"replies":[{"embeddable":true,"href":"https:\/\/linitiative.ca\/International\/wp-json\/wp\/v2\/comments?post=26368"}],"version-history":[{"count":0,"href":"https:\/\/linitiative.ca\/International\/wp-json\/wp\/v2\/posts\/26368\/revisions"}],"wp:attachment":[{"href":"https:\/\/linitiative.ca\/International\/wp-json\/wp\/v2\/media?parent=26368"}],"wp:term":[{"taxonomy":"category","embeddable":true,"href":"https:\/\/linitiative.ca\/International\/wp-json\/wp\/v2\/categories?post=26368"},{"taxonomy":"post_tag","embeddable":true,"href":"https:\/\/linitiative.ca\/International\/wp-json\/wp\/v2\/tags?post=26368"}],"curies":[{"name":"wp","href":"https:\/\/api.w.org\/{rel}","templated":true}]}}