{"id":26369,"date":"2019-04-06T11:18:04","date_gmt":"2019-04-06T15:18:04","guid":{"rendered":"https:\/\/linitiative.ca\/International\/poursuite-de-la-remise-de-cheques-pour-le-financement-des-agr-au-profit-des-victimes-des-crises-ivoiriennes\/"},"modified":"2019-04-06T11:18:04","modified_gmt":"2019-04-06T15:18:04","slug":"poursuite-de-la-remise-de-cheques-pour-le-financement-des-agr-au-profit-des-victimes-des-crises-ivoiriennes","status":"publish","type":"post","link":"https:\/\/linitiative.ca\/International\/poursuite-de-la-remise-de-cheques-pour-le-financement-des-agr-au-profit-des-victimes-des-crises-ivoiriennes\/","title":{"rendered":"Poursuite de la remise de ch\u00e8ques pour le financement des AGR au profit des victimes des crises ivoiriennes"},"content":{"rendered":"<div readability=\"32\">\n<p>Publi\u00e9 le 06.04.2019 \u00e0 16h18 par APA News<\/p>\n<\/div>\n<div readability=\"82\">\n<p>Une deuxi\u00e8me vague de ch\u00e8ques pour le financement des activit\u00e9s g\u00e9n\u00e9ratrices de revenus (AGR) au profit des victimes des crises ivoiriennes a \u00e9t\u00e9 remise, vendredi \u00e0 Abidjan, en pr\u00e9sence de Pr Kouam\u00e9 N\u2019guessan, Chef de cabinet de la ministre de la Solidarit\u00e9, de la coh\u00e9sion sociale et de la lutte contre la pauvret\u00e9, Pr Mariatou Kon\u00e9.Ce sont au total 41 ch\u00e8ques qui ont \u00e9t\u00e9 remis \u00e0 24 femmes et \u00e0 17 hommes dont les projets ont \u00e9t\u00e9 s\u00e9lectionn\u00e9s. Ces victimes b\u00e9n\u00e9ficiaires ont \u00e9t\u00e9 d\u00e9j\u00e0 indemnis\u00e9es dans le cadre de l\u2019op\u00e9ration d\u2019indemnisation des victimes des diff\u00e9rentes crises survenues en C\u00f4te d\u2019Ivoire.<\/p>\n<p>Dans son adresse, Pr Kouam\u00e9 N\u2019guessan a exhort\u00e9 les b\u00e9n\u00e9ficiaires \u00e0 faire en sorte que la cha\u00eene de la solidarit\u00e9 ne se brise pas, en remboursant r\u00e9guli\u00e8rement ces pr\u00eats afin de permettre \u00e0 d\u2019autres personnes d\u2019en b\u00e9n\u00e9ficier.<\/p>\n<p>Les premiers ch\u00e8ques pour le financement des AGR au profit des victimes des crises ivoiriennes ont \u00e9t\u00e9 remis d\u00e9but janvier \u00e0 onze b\u00e9n\u00e9ficiaires. Les projets sont soumis pour divers domaines d\u2019activit\u00e9s, notamment le commerce et la restauration.\u00a0<\/p>\n<p>Cette remise de ch\u00e8ques s\u2019inscrit dans le cadre de la convention paraph\u00e9e en novembre 2018 \u00a0par la ministre de la Solidarit\u00e9, de la coh\u00e9sion sociale et de la lutte contre la pauvret\u00e9, Pr Mariatou Kon\u00e9 pour le compte du Programme national de la coh\u00e9sion sociale (PNCS) et le Directeur g\u00e9n\u00e9ral de la microfinance Celpaid, Souleymane Ouattara.<\/p>\n<p>A travers cette convention, l\u2019Etat ivoirien a mis \u00a0\u00e0 la disposition des victimes des crises ivoiriennes un montant de 100 millions de francs CFA sous forme de cr\u00e9dit remboursable.<\/p>\n<p><ins data-revive-zoneid=\"9\" data-revive-id=\"10111e19d28d19d031742ee3b0b33eb0\"\/> <\/p>\n<p>Une personne physique peut solliciter jusqu\u2019\u00e0 500 mille francs CFA, quand le plafond pour un groupement ou association de victimes est fix\u00e9 \u00e0 un million francs CFA. \u00a0Le pr\u00eat per\u00e7u \u00absans aval\u00bb est remboursable dans un d\u00e9lai de dix-huit mois dont un diff\u00e9r\u00e9 de six mois.<\/p>\n<p>L\u2019objectif de ce projet est d\u2019aider les victimes \u00e0 mener des activit\u00e9s g\u00e9n\u00e9ratrices de revenus en vue de les \u00ab sortir de la pr\u00e9carit\u00e9 et de la pauvret\u00e9 (\u2026) \u00bb, avait expliqu\u00e9 la ministre Mariatou Kon\u00e9. Cette phase pilote qui se tient dans le district d\u2019Abidjan va s\u2019\u00e9tendre \u00e0 l\u2019int\u00e9rieur du pays.<\/p>\n<p>La microfinance travaille avec des experts issus des minist\u00e8res techniques pour appr\u00e9cier la viabilit\u00e9 des projets soumis par les victimes avant le financement.<\/p>\n<p>Le Chef de l\u2019Etat ivoirien Alassane Ouattara a mis en place en 2015, un fonds sp\u00e9cial dot\u00e9 d\u2019un apport initial d\u2019une valeur de 10 milliards de francs CFA pour l\u2019indemnisation des victimes des diff\u00e9rentes crises survenues C\u00f4te d\u2019Ivoire.<\/p>\n<\/div>\n<p>Auteur: APA News<br \/>\n<a href=\"https:\/\/www.journalducameroun.com\/fr\/poursuite-de-la-remise-de-cheques-pour-le-financement-des-agr-au-profit-des-victimes-des-crises-ivoiriennes\/\">Cliquez ici pour lire l&rsquo;article depuis sa source.<\/a><\/p>\n","protected":false},"excerpt":{"rendered":"<p>Publi\u00e9 le 06.04.2019 \u00e0 16h18 par APA News Une deuxi\u00e8me vague de ch\u00e8ques pour le financement des activit\u00e9s g\u00e9n\u00e9ratrices de revenus (AGR) au profit des victimes des crises ivoiriennes a \u00e9t\u00e9 remise, vendredi \u00e0 Abidjan, en pr\u00e9sence de Pr Kouam\u00e9 N\u2019guessan, Chef de cabinet de la ministre de la Solidarit\u00e9, de la coh\u00e9sion sociale et [&hellip;]<\/p>\n","protected":false},"author":1965,"featured_media":0,"comment_status":"closed","ping_status":"closed","sticky":false,"template":"","format":"standard","meta":{"fifu_image_url":"","fifu_image_alt":"","footnotes":""},"categories":[73,82],"tags":[],"class_list":["post-26369","post","type-post","status-publish","format-standard","hentry","category-actualite","category-cameroun"],"_links":{"self":[{"href":"https:\/\/linitiative.ca\/International\/wp-json\/wp\/v2\/posts\/26369","targetHints":{"allow":["GET"]}}],"collection":[{"href":"https:\/\/linitiative.ca\/International\/wp-json\/wp\/v2\/posts"}],"about":[{"href":"https:\/\/linitiative.ca\/International\/wp-json\/wp\/v2\/types\/post"}],"author":[{"embeddable":true,"href":"https:\/\/linitiative.ca\/International\/wp-json\/wp\/v2\/users\/1965"}],"replies":[{"embeddable":true,"href":"https:\/\/linitiative.ca\/International\/wp-json\/wp\/v2\/comments?post=26369"}],"version-history":[{"count":0,"href":"https:\/\/linitiative.ca\/International\/wp-json\/wp\/v2\/posts\/26369\/revisions"}],"wp:attachment":[{"href":"https:\/\/linitiative.ca\/International\/wp-json\/wp\/v2\/media?parent=26369"}],"wp:term":[{"taxonomy":"category","embeddable":true,"href":"https:\/\/linitiative.ca\/International\/wp-json\/wp\/v2\/categories?post=26369"},{"taxonomy":"post_tag","embeddable":true,"href":"https:\/\/linitiative.ca\/International\/wp-json\/wp\/v2\/tags?post=26369"}],"curies":[{"name":"wp","href":"https:\/\/api.w.org\/{rel}","templated":true}]}}