{"id":26370,"date":"2019-04-06T11:18:06","date_gmt":"2019-04-06T15:18:06","guid":{"rendered":"https:\/\/linitiative.ca\/International\/mise-sur-le-marche-de-lemploi-des-premiers-actuaires-africains-formes-a-lensea\/"},"modified":"2019-04-06T11:18:06","modified_gmt":"2019-04-06T15:18:06","slug":"mise-sur-le-marche-de-lemploi-des-premiers-actuaires-africains-formes-a-lensea","status":"publish","type":"post","link":"https:\/\/linitiative.ca\/International\/mise-sur-le-marche-de-lemploi-des-premiers-actuaires-africains-formes-a-lensea\/","title":{"rendered":"Mise sur le march\u00e9 de l\u2019emploi des premiers actuaires africains form\u00e9s \u00e0 l\u2019ENSEA"},"content":{"rendered":"<div readability=\"32\">\n<p>Publi\u00e9 le 06.04.2019 \u00e0 16h18 par APA News<\/p>\n<\/div>\n<div readability=\"133\">\n<p>Les premiers actuaires africains form\u00e9s pendant deux ans \u00e0 l\u2019Ecole nationale sup\u00e9rieure de statistique et d\u2019\u00e9conomie appliqu\u00e9e d\u2019Abidjan (ENSEA) ont \u00e9t\u00e9 officiellement mis sur le march\u00e9 de l\u2019emploi, vendredi, \u00e0 l\u2019issue d\u2019une c\u00e9r\u00e9monie de diplomation de la premi\u00e8re promotion du Master Actuariat, a constat\u00e9 APA sur place dans la capitale \u00e9conomique ivoirienne.Cette premi\u00e8re promotion du Master Actuariat organis\u00e9 par l\u2019ENSEA en partenariat avec l\u2019Institut national polytechnique F\u00e9lix Houphou\u00ebt-Boigny (INPH-HB) de Yamoussoukro \u00a0et l\u2019Institut de science financi\u00e8re et d\u2019assurances (ISFA) de Lyon, est forte de 18 \u00e9tudiants issus du B\u00e9nin, du Burkina Faso, du Cameroun, de la C\u00f4te d\u2019Ivoire, du Togo et de Madagascar.<\/p>\n<p>Au cours d\u2019une c\u00e9r\u00e9monie en pr\u00e9sence de l\u2019Ambassadeur de la France en C\u00f4te d\u2019Ivoire, Gilles Huberson et du Pr\u00e9sident directeur g\u00e9n\u00e9ral du Groupe NSIA, Jean Kacou Diagou, ces \u00e9tudiants ont re\u00e7u leur dipl\u00f4me de fin de formation, \u00e9toffant ainsi le nombre des actuaires du continent. \u00a0<\/p>\n<p>Ce master a pour vocation de former des sp\u00e9cialistes de la statistique et de la finance en \u00e9valuation et gestion de risque, et plus g\u00e9n\u00e9ralement des professionnels des assurances, des fonds de pension et instituts de pr\u00e9voyance, de la banque et de la gestion d\u2019actifs.<\/p>\n<p>\u00ab Ce programme unique en son genre en Afrique subsaharienne entre dans le cadre du hub franco-ivoirien de l\u2019enseignement sup\u00e9rieur \u00bb, a soulign\u00e9 le Directeur de l\u2019ENSEA, Dr Hugues Kouadio, ajoutant que \u00ab c\u2019est le fruit d\u2019un partenariat entre l\u2019une des plus anciennes formations d\u2019actuaire fran\u00e7aises et deux des meilleures \u00e9coles ivoiriennes dont les dipl\u00f4m\u00e9s rayonnent dans toute l\u2019Afrique \u00bb.<\/p>\n<p>\u00ab Il se distingue par sa gouvernance sp\u00e9cifique qui permet une grande proximit\u00e9, une meilleure r\u00e9ponse aux besoins du monde professionnel \u00bb, a ajout\u00e9 \u00a0Dr Kouadio, rappelant que \u00ab c\u2019est en 2014 \u00bb que les structures partenaires ont convenu de \u00ab coop\u00e9rer afin de mettre en place une formation d\u2019actuaire en C\u00f4te d\u2019Ivoire \u00bb.<\/p>\n<p>Le Programme est pilot\u00e9 par un Comit\u00e9 de pilotage constitu\u00e9 des \u00e9coles partenaires, des repr\u00e9sentants des banques et des assurances avec notamment Saliou Bakayoko Pr\u00e9sident de l\u2019Association des assurances de C\u00f4te d\u2019Ivoire, Karim Diarrassouba Directeur des assurances de C\u00f4te d\u2019Ivoire, et de l\u2019Institut des actuaires de C\u00f4te d\u2019Ivoire pr\u00e9sid\u00e9 par Armand Kpl\u00e9.<\/p>\n<p>Cette initiative vise \u00e9galement \u00e0 satisfaire les importants besoins en formation continue des cadres des industries financi\u00e8res sur les m\u00e9tiers de la finance, de l\u2019actuariat et de la gestion des risques.<\/p>\n<p>\u00ab Ce dipl\u00f4me consacre \u00e0 la fois des \u00e9tudes men\u00e9es par les \u00e9tudiants de l\u2019ENSEA et de l\u2019INP-HB (\u2026) C\u2019est assur\u00e9ment un meilleur exemple du hub franco-ivoirien de l\u2019enseignement sup\u00e9rieur \u00bb, s\u2019est f\u00e9licit\u00e9 de son c\u00f4t\u00e9 le Directeur g\u00e9n\u00e9ral de l\u2019INP-HB, Koffi N\u2019guessan.<\/p>\n<p><ins data-revive-zoneid=\"9\" data-revive-id=\"10111e19d28d19d031742ee3b0b33eb0\"\/> <\/p>\n<p>Dans le m\u00eame \u00e9lan, le Directeur de l\u2019ISFA de Lyon, St\u00e9phane Leboisne a relev\u00e9 que cette initiative du Master Actuariat \u00abr\u00e9pond \u00e0 l\u2019id\u00e9e du hub franco-ivoirien de l\u2019enseignement sup\u00e9rieur\u00bb, quand le Pr\u00e9sident de l\u2019Institut des actuaires de C\u00f4te d\u2019Ivoire, Armand Kpl\u00e9 a exhort\u00e9 les \u00e9tudiants au courage avant d\u2019indiquer que \u00abl\u2019actuaire est un architecte social\u00bb qui a une \u00ab formation pluridisciplinaire\u00bb.<\/p>\n<p>\u00ab Nous avons re\u00e7u beaucoup en savoir, en retour nous avons que l\u2019on nous demandera beaucoup \u00bb, a affirm\u00e9 le porte-parole des \u00e9tudiants, Olivier Franck Konan, rassurant que \u00ab nous avons le devoir de faire honneur \u00e0 notre parrain \u00bb, Jean Kacou Diagou.<\/p>\n<p>\u00ab Certes vous avez un tr\u00e8s bon dipl\u00f4me, mais la formation continue vous permet d\u2019avancer \u00bb a lanc\u00e9 M. Diagou \u00e0 ses filleuls, insistant sur la formation personnelle et l\u2019\u00e9coute des anciens.<\/p>\n<p>L\u2019Ambassadeur de la France en C\u00f4te d\u2019Ivoire, Gilles Huberson, a mis en exergue la bonne sant\u00e9 de la coop\u00e9ration franco-ivoirienne surtout en mati\u00e8re du hub de l\u2019enseignement sup\u00e9rieur.<\/p>\n<p>\u00ab Le hub franco-ivoirien de l\u2019enseignement sup\u00e9rieur fonctionne sur la confiance mutuelle\u00bb, a-t-il fait observer, ajoutant \u00e0 ce propos \u00a0que l\u2019ann\u00e9e derni\u00e8re, 100% des visas demand\u00e9s par les \u00e9tudiants de l\u2019INP-HB ont \u00e9t\u00e9 accord\u00e9s.<\/p>\n<p>De fa\u00e7on globale, \u00ab 75% des visas sollicit\u00e9s en C\u00f4te d\u2019Ivoire pour la France sont obtenus \u00bb, a \u00a0conclu le diplomate fran\u00e7ais.<\/p>\n<\/div>\n<p>Auteur: APA News<br \/>\n<a href=\"https:\/\/www.journalducameroun.com\/fr\/mise-sur-le-marche-de-lemploi-des-premiers-actuaires-africains-formes-a-lensea\/\">Cliquez ici pour lire l&rsquo;article depuis sa source.<\/a><\/p>\n","protected":false},"excerpt":{"rendered":"<p>Publi\u00e9 le 06.04.2019 \u00e0 16h18 par APA News Les premiers actuaires africains form\u00e9s pendant deux ans \u00e0 l\u2019Ecole nationale sup\u00e9rieure de statistique et d\u2019\u00e9conomie appliqu\u00e9e d\u2019Abidjan (ENSEA) ont \u00e9t\u00e9 officiellement mis sur le march\u00e9 de l\u2019emploi, vendredi, \u00e0 l\u2019issue d\u2019une c\u00e9r\u00e9monie de diplomation de la premi\u00e8re promotion du Master Actuariat, a constat\u00e9 APA sur place [&hellip;]<\/p>\n","protected":false},"author":1965,"featured_media":0,"comment_status":"closed","ping_status":"closed","sticky":false,"template":"","format":"standard","meta":{"fifu_image_url":"","fifu_image_alt":"","footnotes":""},"categories":[73,82],"tags":[],"class_list":["post-26370","post","type-post","status-publish","format-standard","hentry","category-actualite","category-cameroun"],"_links":{"self":[{"href":"https:\/\/linitiative.ca\/International\/wp-json\/wp\/v2\/posts\/26370","targetHints":{"allow":["GET"]}}],"collection":[{"href":"https:\/\/linitiative.ca\/International\/wp-json\/wp\/v2\/posts"}],"about":[{"href":"https:\/\/linitiative.ca\/International\/wp-json\/wp\/v2\/types\/post"}],"author":[{"embeddable":true,"href":"https:\/\/linitiative.ca\/International\/wp-json\/wp\/v2\/users\/1965"}],"replies":[{"embeddable":true,"href":"https:\/\/linitiative.ca\/International\/wp-json\/wp\/v2\/comments?post=26370"}],"version-history":[{"count":0,"href":"https:\/\/linitiative.ca\/International\/wp-json\/wp\/v2\/posts\/26370\/revisions"}],"wp:attachment":[{"href":"https:\/\/linitiative.ca\/International\/wp-json\/wp\/v2\/media?parent=26370"}],"wp:term":[{"taxonomy":"category","embeddable":true,"href":"https:\/\/linitiative.ca\/International\/wp-json\/wp\/v2\/categories?post=26370"},{"taxonomy":"post_tag","embeddable":true,"href":"https:\/\/linitiative.ca\/International\/wp-json\/wp\/v2\/tags?post=26370"}],"curies":[{"name":"wp","href":"https:\/\/api.w.org\/{rel}","templated":true}]}}