{"id":26371,"date":"2019-04-06T11:18:09","date_gmt":"2019-04-06T15:18:09","guid":{"rendered":"https:\/\/linitiative.ca\/International\/mauritanie-celebration-de-la-journee-nationale-du-sport\/"},"modified":"2019-04-06T11:18:09","modified_gmt":"2019-04-06T15:18:09","slug":"mauritanie-celebration-de-la-journee-nationale-du-sport","status":"publish","type":"post","link":"https:\/\/linitiative.ca\/International\/mauritanie-celebration-de-la-journee-nationale-du-sport\/","title":{"rendered":"Mauritanie : c\u00e9l\u00e9bration de la Journ\u00e9e nationale du sport"},"content":{"rendered":"<div readability=\"32\">\n<p>Publi\u00e9 le 06.04.2019 \u00e0 16h18 par APA News<\/p>\n<\/div>\n<div readability=\"54\">\n<p>La Journ\u00e9e nationale du sport en Mauritanie, qui co\u00efncide avec le premier samedi du mois d\u2019avril de chaque ann\u00e9e, a notamment \u00e9t\u00e9 c\u00e9l\u00e9br\u00e9e \u00e0 Nouakchott o\u00f9 plusieurs activit\u00e9s ont \u00e9t\u00e9 lanc\u00e9es via un marathon dont le coup d\u2019envoi a \u00e9t\u00e9 donn\u00e9 par le pr\u00e9sident Mohamed Ould Abdel Aziz.Ce marathon auquel ont pris part des milliers de coureurs dont des \u00e9trangers comprenait une course sur 21 kilom\u00e8tres, deux autres courses r\u00e9serv\u00e9e aux \u00e9l\u00e8ves et une quatri\u00e8me r\u00e9serv\u00e9e aux sportifs handicap\u00e9s se d\u00e9pla\u00e7ant \u00e0 l\u2019aide de chaises roulantes ou de \u00a0bicyclettes sp\u00e9ciales.<\/p>\n<p>Organis\u00e9 par le minist\u00e8re mauritanien de la Jeunesse et des Sports, en collaboration avec la F\u00e9d\u00e9ration mauritanienne d\u2019athl\u00e9tisme, le marathon a donn\u00e9 lieu \u00e0 une rude concurrence entre de grands athl\u00e8tes mauritaniens dont certains \u00e9l\u00e9ments des forces arm\u00e9es et de s\u00e9curit\u00e9.<\/p>\n<p>La pr\u00e9sente \u00e9dition de la Journ\u00e9e nationale du sport, institu\u00e9e en 2012, a \u00e9t\u00e9 c\u00e9l\u00e9br\u00e9e sous le slogan: \u00ab le sport au service de la coh\u00e9sion sociale et facteur de promotion individuelle et collective\u00bb.<\/p>\n<p><ins data-revive-zoneid=\"9\" data-revive-id=\"10111e19d28d19d031742ee3b0b33eb0\"\/> <\/p>\n<p>Outre le marathon, il est pr\u00e9vu d\u2019autres activit\u00e9s sportives qui seront couronn\u00e9es par la distribution de prix aux meilleurs sportifs lors d\u2019un diner de gala ce samedi soir \u00e0 Nouakchott.<\/p>\n<\/div>\n<p>Auteur: APA News<br \/>\n<a href=\"https:\/\/www.journalducameroun.com\/fr\/mauritanie-celebration-de-la-journee-nationale-du-sport\/\">Cliquez ici pour lire l&rsquo;article depuis sa source.<\/a><\/p>\n","protected":false},"excerpt":{"rendered":"<p>Publi\u00e9 le 06.04.2019 \u00e0 16h18 par APA News La Journ\u00e9e nationale du sport en Mauritanie, qui co\u00efncide avec le premier samedi du mois d\u2019avril de chaque ann\u00e9e, a notamment \u00e9t\u00e9 c\u00e9l\u00e9br\u00e9e \u00e0 Nouakchott o\u00f9 plusieurs activit\u00e9s ont \u00e9t\u00e9 lanc\u00e9es via un marathon dont le coup d\u2019envoi a \u00e9t\u00e9 donn\u00e9 par le pr\u00e9sident Mohamed Ould Abdel [&hellip;]<\/p>\n","protected":false},"author":1965,"featured_media":0,"comment_status":"closed","ping_status":"closed","sticky":false,"template":"","format":"standard","meta":{"fifu_image_url":"","fifu_image_alt":"","footnotes":""},"categories":[73,82],"tags":[],"class_list":["post-26371","post","type-post","status-publish","format-standard","hentry","category-actualite","category-cameroun"],"_links":{"self":[{"href":"https:\/\/linitiative.ca\/International\/wp-json\/wp\/v2\/posts\/26371","targetHints":{"allow":["GET"]}}],"collection":[{"href":"https:\/\/linitiative.ca\/International\/wp-json\/wp\/v2\/posts"}],"about":[{"href":"https:\/\/linitiative.ca\/International\/wp-json\/wp\/v2\/types\/post"}],"author":[{"embeddable":true,"href":"https:\/\/linitiative.ca\/International\/wp-json\/wp\/v2\/users\/1965"}],"replies":[{"embeddable":true,"href":"https:\/\/linitiative.ca\/International\/wp-json\/wp\/v2\/comments?post=26371"}],"version-history":[{"count":0,"href":"https:\/\/linitiative.ca\/International\/wp-json\/wp\/v2\/posts\/26371\/revisions"}],"wp:attachment":[{"href":"https:\/\/linitiative.ca\/International\/wp-json\/wp\/v2\/media?parent=26371"}],"wp:term":[{"taxonomy":"category","embeddable":true,"href":"https:\/\/linitiative.ca\/International\/wp-json\/wp\/v2\/categories?post=26371"},{"taxonomy":"post_tag","embeddable":true,"href":"https:\/\/linitiative.ca\/International\/wp-json\/wp\/v2\/tags?post=26371"}],"curies":[{"name":"wp","href":"https:\/\/api.w.org\/{rel}","templated":true}]}}