{"id":26372,"date":"2019-04-06T11:50:02","date_gmt":"2019-04-06T15:50:02","guid":{"rendered":"https:\/\/linitiative.ca\/International\/soudan-des-manifestants-atteignent-le-qg-de-larmee-a-khartoum\/"},"modified":"2019-04-06T11:50:02","modified_gmt":"2019-04-06T15:50:02","slug":"soudan-des-manifestants-atteignent-le-qg-de-larmee-a-khartoum","status":"publish","type":"post","link":"https:\/\/linitiative.ca\/International\/soudan-des-manifestants-atteignent-le-qg-de-larmee-a-khartoum\/","title":{"rendered":"Soudan: des manifestants atteignent le QG de l\u2019arm\u00e9e \u00e0 Khartoum"},"content":{"rendered":"<p>Des milliers de Soudanais ont d\u00e9fil\u00e9 samedi pour r\u00e9clamer la d\u00e9mission du pr\u00e9sident Omar el-B\u00e9chir, certains parvenant \u00e0 atteindre le quartier g\u00e9n\u00e9ral de l\u2019arm\u00e9e \u00e0 Khartoum, une premi\u00e8re en quatre mois de contestation antigouvernementale.<\/p>\n<p>R\u00e9pondant \u00e0 un appel de l\u2019Alliance pour la libert\u00e9 et le changement, fer de lance du mouvement de contestation, des milliers de manifestants sont descendus dans la rue de la capitale en chantant \u00ab\u00a0une arm\u00e9e, un peuple\u00a0\u00bb, selon des t\u00e9moins.<\/p>\n<p>Lors de pr\u00e9c\u00e9dents rassemblements, les protestataires ont tent\u00e9 \u00e0 plusieurs reprises de marcher vers des lieux symboliques du pouvoir, comme le palais pr\u00e9sidentiel, mais en ont souvent \u00e9t\u00e9 emp\u00each\u00e9s par les gaz lacrymog\u00e8nes tir\u00e9s par les forces de s\u00e9curit\u00e9.<\/p>\n<p>Pour la premi\u00e8re fois samedi, les manifestants ont atteint l\u2019entr\u00e9e des b\u00e2timents qui abritent le si\u00e8ge de l\u2019arm\u00e9e et le minist\u00e8re de la D\u00e9fense, ont affirm\u00e9 des t\u00e9moins, sans pr\u00e9ciser s\u2019ils y \u00e9taient entr\u00e9s.<\/p>\n<p>Au son du principal slogan de la contestation \u2013\u00ab\u00a0Paix, justice et libert\u00e9\u00a0\u00bb\u2013, les manifestants ont r\u00e9clam\u00e9 le d\u00e9part du pr\u00e9sident B\u00e9chir, au pouvoir depuis un coup d\u2019Etat en 1989.<\/p>\n<p>Pour Ghada Mohamed, une manifestante, ce rassemblement est le signe \u00ab\u00a0d\u2019un meilleur futur\u00a0\u00bb pour le Soudan.<\/p>\n<p>\u00ab\u00a0Nous n\u2019avons toujours pas accompli notre mission, mais nous avons envoy\u00e9 un message \u00e0 l\u2019arm\u00e9e: +rejoignez-nous+\u00a0\u00bb, affirme pour sa part Amir Omer, un autre protestataire.<\/p>\n<p>Les organisateurs du mouvement, une alliance de partis d\u2019opposition qui ont rejoint l\u2019Association des professionnels soudanais, ont affirm\u00e9 cette semaine que les rassemblements de samedi \u00e9taient destin\u00e9s \u00e0 demander \u00e0 l\u2019arm\u00e9e de \u00ab\u00a0choisir entre son peuple et le dictateur\u00a0\u00bb.<\/p>\n<p>\u2013 \u00ab\u00a0Un moment historique\u00a0\u00bb \u2013<\/p>\n<p>Peu apr\u00e8s avoir atteint l\u2019entr\u00e9e des b\u00e2timents, situ\u00e9s \u00e0 proximit\u00e9 de la r\u00e9sidence de M. B\u00e9chir, les organisateurs ont appel\u00e9 les manifestants \u00e0 tenir position.<\/p>\n<p>\u00ab\u00a0En ce moment historique, nous vous demandons de ne pas quitter le quartier g\u00e9n\u00e9ral de l\u2019arm\u00e9e et de tenir un sit-in dans les rues\u00a0\u00bb, ont-ils fait savoir dans un communiqu\u00e9.<\/p>\n<p>\u00ab\u00a0Nous appr\u00e9cions la retenue de l\u2019arm\u00e9e envers les manifestants et nous esp\u00e9rons qu\u2019elle prendra position pour le peuple\u00a0\u00bb, est-il pr\u00e9cis\u00e9 dans ce communiqu\u00e9.<\/p>\n<p>D\u00e9clench\u00e9es le 19 d\u00e9cembre 2018 par la d\u00e9cision du gouvernement de tripler le prix du pain, les manifestations se sont rapidement transform\u00e9es \u00e0 travers le pays en mouvement de contestation contre M. B\u00e9chir.<\/p>\n<p>Celui-ci a refus\u00e9 de d\u00e9missionner et fait d\u00e9sormais face \u00e0 son plus grand d\u00e9fi depuis son arriv\u00e9e au pouvoir, selon des experts. Apr\u00e8s avoir tent\u00e9 de r\u00e9primer la contestation par la force, il a instaur\u00e9 l\u2019\u00e9tat d\u2019urgence dans tout le pays le 22 f\u00e9vrier.<\/p>\n<p><ins data-revive-zoneid=\"9\" data-revive-id=\"10111e19d28d19d031742ee3b0b33eb0\"\/> <\/p>\n<p>Depuis, les manifestations sont rest\u00e9es principalement cantonn\u00e9es dans la capitale et la ville voisine, Omdourman, mais samedi, les organisateurs du mouvement de contestation ont appel\u00e9 \u00e0 des rassemblements dans l\u2019ensemble du pays.<\/p>\n<p>La date choisie est symbolique puisqu\u2019elle marque l\u2019anniversaire de la r\u00e9volte du 6 avril 1985, qui avait permis de renverser le r\u00e9gime du pr\u00e9sident de l\u2019\u00e9poque, Jaafar al-Nimeiri.<\/p>\n<p>Dans la ville de Madani, au sud-est de Khartoum, les manifestants ont \u00e9galement atteint le b\u00e2timent de l\u2019arm\u00e9e, a indiqu\u00e9 \u00e0 l\u2019AFP un t\u00e9moin par t\u00e9l\u00e9phone.<\/p>\n<p>\u2013 Lourd dispositif de s\u00e9curit\u00e9 \u2013<\/p>\n<p>Peu avant le d\u00e9but des manifestations, les forces de s\u00e9curit\u00e9 se sont d\u00e9ploy\u00e9es en force sur les places de Khartoum et d\u2019Omdourman.<\/p>\n<p>\u00ab\u00a0Un important dispositif de s\u00e9curit\u00e9 a \u00e9t\u00e9 mis en place autour du lieu pr\u00e9vu pour le rassemblement, mais les manifestants sont sortis dans diff\u00e9rentes rues en scandant des slogans antigouvernementaux\u00a0\u00bb, a affirm\u00e9 \u00e0 l\u2019AFP un t\u00e9moin sous couvert de l\u2019anonymat.<\/p>\n<p>Des t\u00e9moins ont affirm\u00e9 avoir vu des agents en civil se fondre dans la foule pour emp\u00eacher les passants d\u2019atteindre le centre-ville. Les magasins et march\u00e9s de Khartoum ont re\u00e7u l\u2019ordre de fermer avant les manifestations, ont pr\u00e9cis\u00e9 d\u2019autres t\u00e9moins.<\/p>\n<p>\u00ab\u00a0Ceux qui marchaient en groupe ont \u00e9t\u00e9 imm\u00e9diatement arr\u00eat\u00e9s ou ont \u00e9t\u00e9 pri\u00e9s de rentrer chez eux par les forces de s\u00e9curit\u00e9\u00a0\u00bb, ont-ils dit.<\/p>\n<p>Ces derniers jours, des militants avaient fait circuler des tracts pour appeler \u00e0 manifester, selon des habitants.<\/p>\n<p>Depuis l\u2019instauration de l\u2019\u00e9tat d\u2019urgence le 22 f\u00e9vrier, plusieurs manifestants ont \u00e9t\u00e9 arr\u00eat\u00e9s pour avoir particip\u00e9 \u00e0 des rassemblements non autoris\u00e9s et jug\u00e9s par des tribunaux d\u2019exception tandis que l\u2019ampleur et l\u2019intensit\u00e9 des manifestations ont fortement baiss\u00e9.<\/p>\n<p>Depuis d\u00e9cembre, le puissant service de renseignement a arr\u00eat\u00e9 des centaines de manifestants, leaders de l\u2019opposition, militants et journalistes, selon des ONG.<\/p>\n<p>Selon un bilan officiel, 31 personnes sont mortes depuis le d\u00e9but des manifestations. L\u2019ONG Human Rights Watch (HRW) \u00e9voque le chiffre de 51 morts.<\/p>\n<p>Auteur: AFP<br \/>\n<a href=\"https:\/\/www.journalducameroun.com\/fr\/soudan-des-manifestants-atteignent-le-qg-de-larmee-a-khartoum\/\">Cliquez ici pour lire l&rsquo;article depuis sa source.<\/a><\/p>\n","protected":false},"excerpt":{"rendered":"<p>Des milliers de Soudanais ont d\u00e9fil\u00e9 samedi pour r\u00e9clamer la d\u00e9mission du pr\u00e9sident Omar el-B\u00e9chir, certains parvenant \u00e0 atteindre le quartier g\u00e9n\u00e9ral de l\u2019arm\u00e9e \u00e0 Khartoum, une premi\u00e8re en quatre mois de contestation antigouvernementale. R\u00e9pondant \u00e0 un appel de l\u2019Alliance pour la libert\u00e9 et le changement, fer de lance du mouvement de contestation, des milliers [&hellip;]<\/p>\n","protected":false},"author":1965,"featured_media":0,"comment_status":"closed","ping_status":"closed","sticky":false,"template":"","format":"standard","meta":{"fifu_image_url":"","fifu_image_alt":"","footnotes":""},"categories":[73,82],"tags":[],"class_list":["post-26372","post","type-post","status-publish","format-standard","hentry","category-actualite","category-cameroun"],"_links":{"self":[{"href":"https:\/\/linitiative.ca\/International\/wp-json\/wp\/v2\/posts\/26372","targetHints":{"allow":["GET"]}}],"collection":[{"href":"https:\/\/linitiative.ca\/International\/wp-json\/wp\/v2\/posts"}],"about":[{"href":"https:\/\/linitiative.ca\/International\/wp-json\/wp\/v2\/types\/post"}],"author":[{"embeddable":true,"href":"https:\/\/linitiative.ca\/International\/wp-json\/wp\/v2\/users\/1965"}],"replies":[{"embeddable":true,"href":"https:\/\/linitiative.ca\/International\/wp-json\/wp\/v2\/comments?post=26372"}],"version-history":[{"count":0,"href":"https:\/\/linitiative.ca\/International\/wp-json\/wp\/v2\/posts\/26372\/revisions"}],"wp:attachment":[{"href":"https:\/\/linitiative.ca\/International\/wp-json\/wp\/v2\/media?parent=26372"}],"wp:term":[{"taxonomy":"category","embeddable":true,"href":"https:\/\/linitiative.ca\/International\/wp-json\/wp\/v2\/categories?post=26372"},{"taxonomy":"post_tag","embeddable":true,"href":"https:\/\/linitiative.ca\/International\/wp-json\/wp\/v2\/tags?post=26372"}],"curies":[{"name":"wp","href":"https:\/\/api.w.org\/{rel}","templated":true}]}}