{"id":26373,"date":"2019-04-06T11:50:03","date_gmt":"2019-04-06T15:50:03","guid":{"rendered":"https:\/\/linitiative.ca\/International\/tunisie-le-president-essebsi-annonce-ne-pas-etre-candidat-a-la-presidentielle\/"},"modified":"2019-04-06T11:50:03","modified_gmt":"2019-04-06T15:50:03","slug":"tunisie-le-president-essebsi-annonce-ne-pas-etre-candidat-a-la-presidentielle","status":"publish","type":"post","link":"https:\/\/linitiative.ca\/International\/tunisie-le-president-essebsi-annonce-ne-pas-etre-candidat-a-la-presidentielle\/","title":{"rendered":"Tunisie: le pr\u00e9sident Essebsi annonce ne pas \u00eatre candidat \u00e0 la pr\u00e9sidentielle"},"content":{"rendered":"<div readability=\"32\">\n<p>Publi\u00e9 le 06.04.2019 \u00e0 16h50 par AFP<\/p>\n<\/div>\n<div readability=\"102\">\n<p>Le pr\u00e9sident tunisien B\u00e9ji Ca\u00efd Essebsi a confirm\u00e9 samedi devant son parti qu\u2019il ne sera pas candidat \u00e0 l\u2019\u00e9lection pr\u00e9sidentielle du 17 novembre, pour \u00ab\u00a0ouvrir la porte aux jeunes\u00a0\u00bb.<\/p>\n<p>A 92 ans, celui qui est depuis 2014 le premier pr\u00e9sident \u00e9lu d\u00e9mocratiquement au suffrage universel en Tunisie, a fait cette annonce devant un congr\u00e8s de son parti Nidaa Toun\u00e8s, en proie \u00e0 de luttes de pouvoir intestines.<\/p>\n<p>\u00ab\u00a0En toute honn\u00eatet\u00e9, je ne pense pas que je vais me repr\u00e9senter\u00a0\u00bb car il faut \u00ab\u00a0ouvrir la porte aux jeunes\u00a0\u00bb, a-t-il soulign\u00e9, alors que son parti l\u2019a pr\u00e9sent\u00e9 \u00e0 plusieurs reprises comme le meilleur candidat possible.<\/p>\n<p>Son discours intervient quatre jours apr\u00e8s l\u2019annonce de la d\u00e9mission du pr\u00e9sident alg\u00e9rien Abdelaziz Bouteflika, 82 ans, apr\u00e8s un mois et demi de manifestations en Alg\u00e9rie, pays voisin de la Tunisie.<\/p>\n<p>Fond\u00e9 par M. Essebsi en 2012, le parti Nidaa Toun\u00e8s peine \u00e0 rassembler apr\u00e8s des conflits internes entre le fils de M. Essebsi, Hafedh Ca\u00efd Essebsi, et l\u2019ex-dauphin du pr\u00e9sident, le Premier ministre Youssef Chahed.<\/p>\n<p>Hafedh Ca\u00efd Essebsi a depuis pris la t\u00eate de Nidaa Toun\u00e8s, tandis que M. Chahed, \u00e9cart\u00e9 de Nidaa, a form\u00e9 un parti concurrent, Tahia Toun\u00e8s.<\/p>\n<p>Ce parti est devenu la deuxi\u00e8me force politique au Parlement, derri\u00e8re le parti d\u2019inspiration islamiste Ennahdha et devant la formation pr\u00e9sidentielle.<\/p>\n<p><ins data-revive-zoneid=\"9\" data-revive-id=\"10111e19d28d19d031742ee3b0b33eb0\"\/> <\/p>\n<p>M. Essebsi a demand\u00e9 au parti de \u00ab\u00a0r\u00e9int\u00e9grer\u00a0\u00bb M. Chahed, tandis que son fils, pr\u00e9sent dans la salle, est rest\u00e9 silencieux.<\/p>\n<p>Des milliers de militants ont particip\u00e9 \u00e0 ce congr\u00e8s, organis\u00e9 \u00e0 Monastir (centre-est) le jour de l\u2019anniversaire du d\u00e9c\u00e8s du premier pr\u00e9sident de la Tunisie ind\u00e9pendante, Habib Bourguiba, mort le 6 avril 2000 dans cette ville.<\/p>\n<p>Les militants du parti doivent d\u00e9sormais \u00e9lire un conseil national de 217 membres, charg\u00e9s d\u2019\u00e9lire le bureau politique du parti.<\/p>\n<p>Aucun des principaux partis du pays n\u2019a encore annonc\u00e9 de candidat pour l\u2019\u00e9lection pr\u00e9sidentielle du 17 novembre.<\/p>\n<p>Des \u00e9lections l\u00e9gislatives se tiendront \u00e9galement le 6 octobre.<\/p>\n<p>La Tunisie, qui peine \u00e0 r\u00e9pondre aux attentes sociales de sa population touch\u00e9e par une inflation et un ch\u00f4mage persistants, est le seul pays \u00e0 continuer sur la voie de la d\u00e9mocratisation apr\u00e8s les soul\u00e8vements ayant secou\u00e9 plusieurs pays arabes en 2011.<\/p>\n<\/div>\n<p>Auteur: AFP<br \/>\n<a href=\"https:\/\/www.journalducameroun.com\/fr\/tunisie-le-president-essebsi-annonce-ne-pas-etre-candidat-a-la-presidentielle\/\">Cliquez ici pour lire l&rsquo;article depuis sa source.<\/a><\/p>\n","protected":false},"excerpt":{"rendered":"<p>Publi\u00e9 le 06.04.2019 \u00e0 16h50 par AFP Le pr\u00e9sident tunisien B\u00e9ji Ca\u00efd Essebsi a confirm\u00e9 samedi devant son parti qu\u2019il ne sera pas candidat \u00e0 l\u2019\u00e9lection pr\u00e9sidentielle du 17 novembre, pour \u00ab\u00a0ouvrir la porte aux jeunes\u00a0\u00bb. A 92 ans, celui qui est depuis 2014 le premier pr\u00e9sident \u00e9lu d\u00e9mocratiquement au suffrage universel en Tunisie, a [&hellip;]<\/p>\n","protected":false},"author":1965,"featured_media":0,"comment_status":"closed","ping_status":"closed","sticky":false,"template":"","format":"standard","meta":{"fifu_image_url":"","fifu_image_alt":"","footnotes":""},"categories":[73,82],"tags":[],"class_list":["post-26373","post","type-post","status-publish","format-standard","hentry","category-actualite","category-cameroun"],"_links":{"self":[{"href":"https:\/\/linitiative.ca\/International\/wp-json\/wp\/v2\/posts\/26373","targetHints":{"allow":["GET"]}}],"collection":[{"href":"https:\/\/linitiative.ca\/International\/wp-json\/wp\/v2\/posts"}],"about":[{"href":"https:\/\/linitiative.ca\/International\/wp-json\/wp\/v2\/types\/post"}],"author":[{"embeddable":true,"href":"https:\/\/linitiative.ca\/International\/wp-json\/wp\/v2\/users\/1965"}],"replies":[{"embeddable":true,"href":"https:\/\/linitiative.ca\/International\/wp-json\/wp\/v2\/comments?post=26373"}],"version-history":[{"count":0,"href":"https:\/\/linitiative.ca\/International\/wp-json\/wp\/v2\/posts\/26373\/revisions"}],"wp:attachment":[{"href":"https:\/\/linitiative.ca\/International\/wp-json\/wp\/v2\/media?parent=26373"}],"wp:term":[{"taxonomy":"category","embeddable":true,"href":"https:\/\/linitiative.ca\/International\/wp-json\/wp\/v2\/categories?post=26373"},{"taxonomy":"post_tag","embeddable":true,"href":"https:\/\/linitiative.ca\/International\/wp-json\/wp\/v2\/tags?post=26373"}],"curies":[{"name":"wp","href":"https:\/\/api.w.org\/{rel}","templated":true}]}}