{"id":26374,"date":"2019-04-06T14:18:03","date_gmt":"2019-04-06T18:18:03","guid":{"rendered":"https:\/\/linitiative.ca\/International\/senegalmahammad-boun-abdallah-dionne-reconduit-au-poste-de-premier-ministre\/"},"modified":"2019-04-06T14:18:03","modified_gmt":"2019-04-06T18:18:03","slug":"senegalmahammad-boun-abdallah-dionne-reconduit-au-poste-de-premier-ministre","status":"publish","type":"post","link":"https:\/\/linitiative.ca\/International\/senegalmahammad-boun-abdallah-dionne-reconduit-au-poste-de-premier-ministre\/","title":{"rendered":"S\u00e9n\u00e9gal:Mahammad Boun Abdallah Dionne reconduit au poste de Premier ministre"},"content":{"rendered":"<div readability=\"32\">\n<p>Publi\u00e9 le 06.04.2019 \u00e0 19h18 par APA News<\/p>\n<\/div>\n<div readability=\"41\">\n<p>Le pr\u00e9sident de la r\u00e9publique, Macky Sall a reconduit samedi, Mahammad Boun Abdallah Dionne au poste de Premier ministre.Il cumulera cette fonction avec celles de ministre d\u2019\u00c9tat et de Secr\u00e9taire g\u00e9n\u00e9ral de la pr\u00e9sidence de la R\u00e9publique. Le ci-devant secr\u00e9taire g\u00e9n\u00e9ral de la pr\u00e9sidence de la R\u00e9publique, Jean Maxime Ndiaye devient ministre, secr\u00e9taire g\u00e9n\u00e9ral du Gouvernement.<\/p>\n<p>Dionne et son gouvernement ont d\u00e9missionn\u00e9 hier vendredi.<\/p>\n<p><ins data-revive-zoneid=\"9\" data-revive-id=\"10111e19d28d19d031742ee3b0b33eb0\"\/>\n<\/div>\n<p>Auteur: APA News<br \/>\n<a href=\"https:\/\/www.journalducameroun.com\/fr\/senegalmahammad-boun-abdallah-dionne-reconduit-au-poste-de-premier-ministre\/\">Cliquez ici pour lire l&rsquo;article depuis sa source.<\/a><\/p>\n","protected":false},"excerpt":{"rendered":"<p>Publi\u00e9 le 06.04.2019 \u00e0 19h18 par APA News Le pr\u00e9sident de la r\u00e9publique, Macky Sall a reconduit samedi, Mahammad Boun Abdallah Dionne au poste de Premier ministre.Il cumulera cette fonction avec celles de ministre d\u2019\u00c9tat et de Secr\u00e9taire g\u00e9n\u00e9ral de la pr\u00e9sidence de la R\u00e9publique. Le ci-devant secr\u00e9taire g\u00e9n\u00e9ral de la pr\u00e9sidence de la R\u00e9publique, [&hellip;]<\/p>\n","protected":false},"author":1965,"featured_media":0,"comment_status":"closed","ping_status":"closed","sticky":false,"template":"","format":"standard","meta":{"fifu_image_url":"","fifu_image_alt":"","footnotes":""},"categories":[73,82],"tags":[],"class_list":["post-26374","post","type-post","status-publish","format-standard","hentry","category-actualite","category-cameroun"],"_links":{"self":[{"href":"https:\/\/linitiative.ca\/International\/wp-json\/wp\/v2\/posts\/26374","targetHints":{"allow":["GET"]}}],"collection":[{"href":"https:\/\/linitiative.ca\/International\/wp-json\/wp\/v2\/posts"}],"about":[{"href":"https:\/\/linitiative.ca\/International\/wp-json\/wp\/v2\/types\/post"}],"author":[{"embeddable":true,"href":"https:\/\/linitiative.ca\/International\/wp-json\/wp\/v2\/users\/1965"}],"replies":[{"embeddable":true,"href":"https:\/\/linitiative.ca\/International\/wp-json\/wp\/v2\/comments?post=26374"}],"version-history":[{"count":0,"href":"https:\/\/linitiative.ca\/International\/wp-json\/wp\/v2\/posts\/26374\/revisions"}],"wp:attachment":[{"href":"https:\/\/linitiative.ca\/International\/wp-json\/wp\/v2\/media?parent=26374"}],"wp:term":[{"taxonomy":"category","embeddable":true,"href":"https:\/\/linitiative.ca\/International\/wp-json\/wp\/v2\/categories?post=26374"},{"taxonomy":"post_tag","embeddable":true,"href":"https:\/\/linitiative.ca\/International\/wp-json\/wp\/v2\/tags?post=26374"}],"curies":[{"name":"wp","href":"https:\/\/api.w.org\/{rel}","templated":true}]}}