{"id":26375,"date":"2019-04-06T14:50:02","date_gmt":"2019-04-06T18:50:02","guid":{"rendered":"https:\/\/linitiative.ca\/International\/oman-appelle-les-pays-arabes-a-apaiser-les-craintes-disrael\/"},"modified":"2019-04-06T14:50:02","modified_gmt":"2019-04-06T18:50:02","slug":"oman-appelle-les-pays-arabes-a-apaiser-les-craintes-disrael","status":"publish","type":"post","link":"https:\/\/linitiative.ca\/International\/oman-appelle-les-pays-arabes-a-apaiser-les-craintes-disrael\/","title":{"rendered":"Oman appelle les pays arabes \u00e0 apaiser les \u00ab\u00a0craintes d\u2019Isra\u00ebl\u00a0\u00bb"},"content":{"rendered":"<div readability=\"32\">\n<p>Publi\u00e9 le 06.04.2019 \u00e0 19h50 par AFP<\/p>\n<\/div>\n<div readability=\"93\">\n<p>Le chef de la diplomatie omanaise a appel\u00e9 samedi les pays arabes \u00e0 prendre des \u00ab\u00a0initiatives\u00a0\u00bb afin \u00ab\u00a0d\u2019apaiser les craintes\u00a0\u00bb d\u2019Isra\u00ebl concernant son futur au Moyen-Orient, suscitant des critiques de la Jordanie.<\/p>\n<p>\u00ab\u00a0L\u2019Occident a offert un soutien politique, \u00e9conomique et militaire \u00e0 Isra\u00ebl qui dispose maintenant de tous les vecteurs de pouvoir (\u2026) mais malgr\u00e9 cela, (Isra\u00ebl) craint pour son futur en tant que pays non-arabe entour\u00e9 par 400 millions d\u2019Arabes\u00a0\u00bb, a d\u00e9clar\u00e9 Youssef ben Alaoui ben Abdallah.<\/p>\n<p>\u00ab\u00a0Je pense que nous, Arabes, devons \u00eatre capables d\u2019examiner cette question et essayer d\u2019apaiser les craintes d\u2019Isra\u00ebl \u00e0 travers des initiatives et de vrais accords entre Isra\u00ebl et nous\u00a0\u00bb, a affirm\u00e9 le ministre omanais des Affaires \u00e9trang\u00e8res lors d\u2019un d\u00e9bat en marge du Forum \u00e9conomique mondial sur le Moyen-Orient et l\u2019Afrique du Nord, en Jordanie.<\/p>\n<p>Isra\u00ebl n\u2019a de relations diplomatiques qu\u2019avec deux pays arabes, l\u2019Egypte et la Jordanie, mais courtise depuis quelques mois les pays du Golfe qui partagent son inqui\u00e9tude vis-\u00e0-vis de l\u2019Iran, puissance r\u00e9gionale chiite et rival historique.<\/p>\n<p>En f\u00e9vrier, le Premier ministre isra\u00e9lien Benjamin Netanyahu a rencontr\u00e9 M. ben Abdallah, quatre mois apr\u00e8s s\u2019\u00eatre rendu \u00e0 Mascate o\u00f9 il s\u2019\u00e9tait entretenu avec le sultan Qabous.<\/p>\n<p>La plupart des pays arabes ont historiquement fait du r\u00e8glement de la question palestinienne la condition d\u2019une normalisation avec Isra\u00ebl.<\/p>\n<p><ins data-revive-zoneid=\"9\" data-revive-id=\"10111e19d28d19d031742ee3b0b33eb0\"\/> <\/p>\n<p>Les propos de M. ben Abdallah ont suscit\u00e9 des critiques de son homologue jordanien, Aymane Safadi, pr\u00e9sent lors du d\u00e9bat. \u00ab\u00a0Si (Isra\u00ebl) dit qu\u2019il ne se sent pas confortable (dans la r\u00e9gion), ce n\u2019est pas mon probl\u00e8me\u00a0\u00bb, a-t-il dit.<\/p>\n<p>\u00ab\u00a0Le probl\u00e8me n\u2019est pas que les Arabes doivent donner des garanties (\u2026), c\u2019est qu\u2019Isra\u00ebl doit faire ce qu\u2019il faut pour la paix\u00a0\u00bb, a-t-il affirm\u00e9.<\/p>\n<p>Pour M. Safadi, Isra\u00ebl doit \u00ab\u00a0se retirer des terres arabes occup\u00e9es depuis 1967 et permettre\u00a0\u00bb la cr\u00e9ation d\u2019un Etat palestinien.<\/p>\n<p>Les colonies isra\u00e9liennes install\u00e9es en Cisjordanie, occup\u00e9e par Isra\u00ebl depuis 1967, sont ill\u00e9gales au regard du droit international et une grande partie de la communaut\u00e9 internationale voit en elles un obstacle majeur \u00e0 la paix.<\/p>\n<p>Isra\u00ebl occupe aussi le plateau du Golan, conquis \u00e0 la Syrie en 1967 puis annex\u00e9 en 1981.<\/p>\n<\/div>\n<p>Auteur: AFP<br \/>\n<a href=\"https:\/\/www.journalducameroun.com\/fr\/oman-appelle-les-pays-arabes-a-apaiser-les-craintes-disrael\/\">Cliquez ici pour lire l&rsquo;article depuis sa source.<\/a><\/p>\n","protected":false},"excerpt":{"rendered":"<p>Publi\u00e9 le 06.04.2019 \u00e0 19h50 par AFP Le chef de la diplomatie omanaise a appel\u00e9 samedi les pays arabes \u00e0 prendre des \u00ab\u00a0initiatives\u00a0\u00bb afin \u00ab\u00a0d\u2019apaiser les craintes\u00a0\u00bb d\u2019Isra\u00ebl concernant son futur au Moyen-Orient, suscitant des critiques de la Jordanie. \u00ab\u00a0L\u2019Occident a offert un soutien politique, \u00e9conomique et militaire \u00e0 Isra\u00ebl qui dispose maintenant de tous [&hellip;]<\/p>\n","protected":false},"author":1965,"featured_media":0,"comment_status":"closed","ping_status":"closed","sticky":false,"template":"","format":"standard","meta":{"fifu_image_url":"","fifu_image_alt":"","footnotes":""},"categories":[73,82],"tags":[],"class_list":["post-26375","post","type-post","status-publish","format-standard","hentry","category-actualite","category-cameroun"],"_links":{"self":[{"href":"https:\/\/linitiative.ca\/International\/wp-json\/wp\/v2\/posts\/26375","targetHints":{"allow":["GET"]}}],"collection":[{"href":"https:\/\/linitiative.ca\/International\/wp-json\/wp\/v2\/posts"}],"about":[{"href":"https:\/\/linitiative.ca\/International\/wp-json\/wp\/v2\/types\/post"}],"author":[{"embeddable":true,"href":"https:\/\/linitiative.ca\/International\/wp-json\/wp\/v2\/users\/1965"}],"replies":[{"embeddable":true,"href":"https:\/\/linitiative.ca\/International\/wp-json\/wp\/v2\/comments?post=26375"}],"version-history":[{"count":0,"href":"https:\/\/linitiative.ca\/International\/wp-json\/wp\/v2\/posts\/26375\/revisions"}],"wp:attachment":[{"href":"https:\/\/linitiative.ca\/International\/wp-json\/wp\/v2\/media?parent=26375"}],"wp:term":[{"taxonomy":"category","embeddable":true,"href":"https:\/\/linitiative.ca\/International\/wp-json\/wp\/v2\/categories?post=26375"},{"taxonomy":"post_tag","embeddable":true,"href":"https:\/\/linitiative.ca\/International\/wp-json\/wp\/v2\/tags?post=26375"}],"curies":[{"name":"wp","href":"https:\/\/api.w.org\/{rel}","templated":true}]}}