{"id":26377,"date":"2019-04-06T17:18:04","date_gmt":"2019-04-06T21:18:04","guid":{"rendered":"https:\/\/linitiative.ca\/International\/commemoration-genocide-rwandais-10-chefs-detat-attendus-a-kigali-dimanche\/"},"modified":"2019-04-06T17:18:04","modified_gmt":"2019-04-06T21:18:04","slug":"commemoration-genocide-rwandais-10-chefs-detat-attendus-a-kigali-dimanche","status":"publish","type":"post","link":"https:\/\/linitiative.ca\/International\/commemoration-genocide-rwandais-10-chefs-detat-attendus-a-kigali-dimanche\/","title":{"rendered":"Comm\u00e9moration g\u00e9nocide rwandais : 10 chefs d\u2019Etat attendus \u00e0 Kigali dimanche"},"content":{"rendered":"<div readability=\"32\">\n<p>Publi\u00e9 le 06.04.2019 \u00e0 22h18 par APA News<\/p>\n<\/div>\n<div readability=\"152\">\n<p>Au moins 10 chefs d\u2019Etat et des dirigeants d\u2019institutions internationales, comme la secr\u00e9taire g\u00e9n\u00e9rale de la Francophonie, la Rwandaise Louise Mushikiwabo, seront pr\u00e9sents ce dimanche 7 avril dans la capitale rwandaise pour la comm\u00e9moration du 25e anniversaire du g\u00e9nocide commis contre les Tutsis dans ce pays, a appris APA samedi de source officielle.Les noms des chefs d\u2019Etats attendus ne sont pas encore annonc\u00e9s, mais d\u00e9j\u00e0 sur place la presse \u00e9trang\u00e8re, au niveau sous-r\u00e9gional et international (France, Canada, \u2026), est fortement repr\u00e9sent\u00e9e. Le pr\u00e9sident fran\u00e7ais, Emmanuel Macron, ne sera toutefois pas pr\u00e9sent pour cette comm\u00e9moration, ayant mandat\u00e9 le d\u00e9put\u00e9 LREM (son parti) Herv\u00e9 Berville, natif du Rwanda et rescap\u00e9 du g\u00e9nocide, avec une d\u00e9l\u00e9gation pour le repr\u00e9senter.<\/p>\n<p>Par ailleurs, on constate \u00e0 Kigali la pr\u00e9sence de journalistes de t\u00e9l\u00e9visions nationales venues de pays tels que la Zambie, la Tanzanie, le Djibouti, le Kenya, \u2026<\/p>\n<p>Ainsi au matin du dimanche, il y aura une visite au M\u00e9morial du G\u00e9nocide de Gisozi, dans le centre de Kigali, o\u00f9 on pourra retrouver notamment les restes de plus de 250.000 personnes victimes g\u00e9nocide enterr\u00e9es l\u00e0.<\/p>\n<p>Il est pr\u00e9vu lors de ce passage, un d\u00e9p\u00f4t de gerbes de fleurs par les autorit\u00e9s, avant \u00ab\u00a0l\u2019allumage de la flamme du souvenir\u00a0\u00bb, nous souffle, dans les locaux du minist\u00e8re des Affaires \u00e9trang\u00e8res, un agent charg\u00e9 d\u2019expliquer \u00e0 la presse les dispositions prises pour la manifestation.<\/p>\n<p>Par la suite, une marche d\u2019une distance de \u00ab\u00a02 km\u00a0\u00bb est pr\u00e9vue du si\u00e8ge du Parlement rwandais au stade national Amahoro, qui a une capacit\u00e9 d\u2019accueil d\u2019environ 30.000 places.<\/p>\n<p>\u00a0R\u00e9citation de \u00ab\u00a0100 noms de victimes\u00a0\u00bb<\/p>\n<p>Dans le stade, il est notamment pr\u00e9vu la r\u00e9citation de \u00ab\u00a0100 noms de victimes dont les familles ont \u00e9t\u00e9 compl\u00e8tement d\u00e9cim\u00e9es\u00a0\u00bb pendant ce g\u00e9nocide qui a emport\u00e9 environ 800.000 personnes, principalement des Tutsis.<\/p>\n<p>En revanche depuis cette trag\u00e9die, le pays a connu une ascension fulgurante vers le progr\u00e8s \u00e9conomique et social. Ce changement est surtout impuls\u00e9 par le gouvernement du pr\u00e9sident Paul Kagam\u00e9, arriv\u00e9 au pouvoir en 2000, apr\u00e8s avoir men\u00e9 auparavant une guerre de lib\u00e9ration nationale \u00e0 travers le Front patriotique rwandais (FPR), qui se trouve \u00eatre aujourd\u2019hui le parti au pouvoir.<\/p>\n<p><ins data-revive-zoneid=\"9\" data-revive-id=\"10111e19d28d19d031742ee3b0b33eb0\"\/> <\/p>\n<p>Le g\u00e9nocide des Tutsis, ayant eu lieu du 7 avril 1994 au 17 juillet 1994 au Rwanda, s\u2019inscrit historiquement dans un projet g\u00e9nocidaire latent depuis plusieurs d\u00e9cennies, \u00e0 travers plusieurs phases de massacres de masse, et strat\u00e9giquement dans le refus du noyau dur de l\u2019\u00c9tat rwandais, constitu\u00e9 de Hutus, de r\u00e9int\u00e9grer les exil\u00e9s Tutsis, objet de la guerre civile de 1990-1993.<\/p>\n<p>En 1994, les accords d\u2019Arusha pr\u00e9voyaient cette r\u00e9int\u00e9gration afin de mettre fin \u00e0 la guerre. Mais l\u2019assassinat du pr\u00e9sident rwandais Juv\u00e9nal Habyarimana, le 6 avril 1994, servit de pr\u00e9texte aux extr\u00e9mistes Hutus pour mener leur objectif g\u00e9nocidaire contre les Tutsis.<\/p>\n<p>Hier vendredi \u00e0 la cl\u00f4ture d\u2019une conf\u00e9rence internationale sur le g\u00e9nocide \u00e0 Kigali, le S\u00e9n\u00e9galais Adama Dieng, conseiller sp\u00e9cial \u00e0 l\u2019ONU sur la pr\u00e9vention des g\u00e9nocides, a soulign\u00e9 d\u00e9sormais la n\u00e9cessit\u00e9 de \u00ab\u00a0mobiliser\u00a0\u00bb les Etats \u00e0 \u00ab\u00a0assurer\u00a0\u00bb leur r\u00f4le de \u00ab\u00a0protection des populations\u00a0\u00bb dans le but \u00ab\u00a0d\u2019\u00e9viter les g\u00e9nocides\u00a0\u00bb, \u00e9tant donn\u00e9 que certaines \u00ab\u00a0personnes continuent d\u2019\u00eatre tu\u00e9es (dans le monde) sur la base de leur identit\u00e9\u00a0\u00bb.<\/p>\n<p>\u00a0\u00ab\u00a0L\u2019\u00e9ducation\u00a0\u00bb comme arme contre le g\u00e9nocide<\/p>\n<p>Cette protection passe selon lui par \u00ab\u00a0l\u2019\u00e9ducation\u00a0\u00bb, constatant par ailleurs que \u00ab\u00a0le Rwanda a parcouru un long chemin\u00a0\u00bb apr\u00e8s cette trag\u00e9die sur laquelle \u00ab\u00a0l\u2019humanit\u00e9 totale a failli\u00a0\u00bb, vu qu\u2019elle pouvait surtout \u00eatre \u00e9vit\u00e9e. Par ailleurs la \u00ab\u00a0d\u00e9faillance de la communaut\u00e9 internationale\u00a0\u00bb, rappelle Adama Dieng, avait \u00ab\u00a0\u00e9branl\u00e9\u00a0\u00bb, \u00e0 l\u2019\u00e9poque, des institutions telles que \u00ab\u00a0l\u2019ONU et l\u2019UA\u00a0\u00bb.<\/p>\n<p>Mais malgr\u00e9 cela, a-t-il assur\u00e9, le Rwanda \u00ab\u00a0a montr\u00e9 \u00e0 la face du monde\u00a0\u00bb que lorsque la justice et la r\u00e9conciliation sont men\u00e9es de bonne foi \u00ab\u00a0tout le monde gagne\u00a0\u00bb.<\/p>\n<p>Et aujourd\u2019hui, \u00ab\u00a0si le Rwanda a pu survivre apr\u00e8s ces 25 derni\u00e8res ann\u00e9es, c\u2019est que nous devons poursuivre notre mission\u00a0\u00bb, a pour sa part indiqu\u00e9 Johnston Busingye, ministre rwandais de la Justice, pronon\u00e7ant hier le discours de cl\u00f4ture de ce colloque de deux jours dont le th\u00e8me \u00e9tait\u00a0: \u00ab\u00a0Pr\u00e9servation de la m\u00e9moire, un combat de l\u2019humanit\u00e9\u00a0\u00bb.<\/p>\n<\/div>\n<p>Auteur: APA News<br \/>\n<a href=\"https:\/\/www.journalducameroun.com\/fr\/commemoration-genocide-rwandais-10-chefs-detat-attendus-a-kigali-dimanche\/\">Cliquez ici pour lire l&rsquo;article depuis sa source.<\/a><\/p>\n","protected":false},"excerpt":{"rendered":"<p>Publi\u00e9 le 06.04.2019 \u00e0 22h18 par APA News Au moins 10 chefs d\u2019Etat et des dirigeants d\u2019institutions internationales, comme la secr\u00e9taire g\u00e9n\u00e9rale de la Francophonie, la Rwandaise Louise Mushikiwabo, seront pr\u00e9sents ce dimanche 7 avril dans la capitale rwandaise pour la comm\u00e9moration du 25e anniversaire du g\u00e9nocide commis contre les Tutsis dans ce pays, a [&hellip;]<\/p>\n","protected":false},"author":1965,"featured_media":0,"comment_status":"closed","ping_status":"closed","sticky":false,"template":"","format":"standard","meta":{"fifu_image_url":"","fifu_image_alt":"","footnotes":""},"categories":[73,82],"tags":[],"class_list":["post-26377","post","type-post","status-publish","format-standard","hentry","category-actualite","category-cameroun"],"_links":{"self":[{"href":"https:\/\/linitiative.ca\/International\/wp-json\/wp\/v2\/posts\/26377","targetHints":{"allow":["GET"]}}],"collection":[{"href":"https:\/\/linitiative.ca\/International\/wp-json\/wp\/v2\/posts"}],"about":[{"href":"https:\/\/linitiative.ca\/International\/wp-json\/wp\/v2\/types\/post"}],"author":[{"embeddable":true,"href":"https:\/\/linitiative.ca\/International\/wp-json\/wp\/v2\/users\/1965"}],"replies":[{"embeddable":true,"href":"https:\/\/linitiative.ca\/International\/wp-json\/wp\/v2\/comments?post=26377"}],"version-history":[{"count":0,"href":"https:\/\/linitiative.ca\/International\/wp-json\/wp\/v2\/posts\/26377\/revisions"}],"wp:attachment":[{"href":"https:\/\/linitiative.ca\/International\/wp-json\/wp\/v2\/media?parent=26377"}],"wp:term":[{"taxonomy":"category","embeddable":true,"href":"https:\/\/linitiative.ca\/International\/wp-json\/wp\/v2\/categories?post=26377"},{"taxonomy":"post_tag","embeddable":true,"href":"https:\/\/linitiative.ca\/International\/wp-json\/wp\/v2\/tags?post=26377"}],"curies":[{"name":"wp","href":"https:\/\/api.w.org\/{rel}","templated":true}]}}