{"id":26400,"date":"2019-04-07T06:04:36","date_gmt":"2019-04-07T10:04:36","guid":{"rendered":"https:\/\/linitiative.ca\/International\/tennis-coupe-davis-et-grand-prix-hassan-ii-a-marrakech\/"},"modified":"2019-04-07T06:04:36","modified_gmt":"2019-04-07T10:04:36","slug":"tennis-coupe-davis-et-grand-prix-hassan-ii-a-marrakech","status":"publish","type":"post","link":"https:\/\/linitiative.ca\/International\/tennis-coupe-davis-et-grand-prix-hassan-ii-a-marrakech\/","title":{"rendered":"Tennis: Coupe Davis et Grand Prix Hassan II \u00e0 Marrakech"},"content":{"rendered":"<p class=\"c2\"><strong>Rachid Lebchir<\/strong><\/p>\n<p class=\"c5\"><strong><span class=\"c3\">D<\/span><span class=\"c4\">eux comp\u00e9titions internationales de grande envergure se d\u00e9roulent actuellement au\u00a0 Royal Tennis Club de Marrakech. Le premier en Coupe Davis avec Maroc-Lituanie et le second au Grand Prix Hassan II avec le tableau qualificatif programm\u00e9 pendant le week-end en attendant le coup d\u2019envoi du tableau final, lundi, qui prendra fin le dimanche 14 avril.<\/span><\/strong><\/p>\n<p class=\"c5\">La Coupe Davis, qui a commenc\u00e9 vendredi, se poursuit ce samedi avec l\u2019\u00e9quipe nationale du Maroc qui affronte son homologue de Lituanie pour le compte de la zone \u00ab\u00a0Euro-Afrique\u00a0\u00bb de la Coupe Davis en groupe II. Le Maroc essaye de r\u00e9ussir une nouvelle victoire dans cette seconde confrontation entre les deux pays apr\u00e8s celle de 2011, o\u00f9 l\u2019\u00e9quipe nationale men\u00e9e par Id M\u2019barek, Lamrani, Khaddari\u2026 avait r\u00e9alis\u00e9 le carton plein de (5-0). Aujourd\u2019hui, la nouvelle formation de l\u2019\u00e9quipe nationale compos\u00e9e de\u00a0Lamine Ouahab, Adam Moundir, Anas Fettar, Amine Ahouda et Yassir Kilani, sous la houlette du capitaine Mehdi Tahiri, est appel\u00e9e \u00e0 confirmer dans l\u2019espoir de continuer vers d\u2019autres succ\u00e8s plus conqu\u00e9rants.<\/p>\n<p class=\"c5\">Les deux premier simples ont eu lieu, vendredi, avec le N\u00b0 1 du tennis national, Lamine Ouahab (442<sup>e<\/sup> au classement ATP) face au N\u00a82 de Lituanie Laurynas Grigelis (284<sup>e<\/sup> ATP) alors le N\u00b0 1 et 82<sup>e<\/sup> mondial Ricardas Berankis devait rencontrer un de nos nationaux Adam Moundir,Amine Ahouda ou Anas Fettar. Apr\u00e8s donc une premi\u00e8re journ\u00e9e qui s\u2019annon\u00e7ait cruciale, les matches de samedi semblent d\u00e9cisifs \u00e0 partir du match du double pr\u00e9vu \u00e0 11h00 et qui sera suivie par les 2 derniers simples dans ce Challenge au s\u00e9rieux pour les deux protagonistes.<\/p>\n<p class=\"c5\">Tous nos joueurs semblent motiv\u00e9s pour r\u00e9ussir le maintien dont Adam Moundir,invit\u00e9 pour la premi\u00e8re fois en Coupe Davis apr\u00e8s avoir opt\u00e9 pour le maillot national. Adam qui porte la double nationalit\u00e9 maroco-suisse a r\u00e9pondu favorablement \u00e0 l\u2019appel de la Direction technique nationale de Khalid Afif. C\u2019est un choix du c\u0153ur pour Adam qui a exprim\u00e9 sa fiert\u00e9 de porter les couleurs de son pays d\u2019origine et d\u2019aller sur les traces de son p\u00e8re, ancienne star du tennis national et ancien capitaine de l\u2019\u00e9quipe nationale en Coupe Davis qui n\u2019est autre que Abderrahim Moundir. Aujourd\u2019hui, Adam entame une nouvelle \u00e8re en Coupe Davis et au Grand Prix Hassan II en compagnie de Lamine Ouahab. Les deux joueurs ont \u00e9t\u00e9 invit\u00e9s dans l\u2019espoir de passer par le tableau qualificatif. Chose faite pour la premi\u00e8re fois dans l\u2019histoire de ce rendez-vous qui continue en force au RTCMA pour la 4e ann\u00e9e cons\u00e9cutive apr\u00e8s avoir vu le jour, ici au m\u00eame club de la cit\u00e9 Ocre en 1984 jusqu\u2019\u00e0 1989 avant de transiter pendant une longue p\u00e9riode au Complexe Al Amal de Casablanca jusqu\u2019\u00e0 2015 retournant ainsi \u00e0 son bercail.<\/p>\n<p class=\"c5\">Aujourd\u2019hui, ce GP Hassan II premier tournoi international ATP en Afrique et qui est \u00e0 sa 35<sup>e<\/sup> \u00e9dition, promet une comp\u00e9tition exceptionnelle avec un plateau de joueurs internationaux digne des plus grandes comp\u00e9titions.<\/p>\n<p class=\"c5\">Alors place au spectacle pour ce rendez-vous qui, en plus de ses duels all\u00e9chants, a mis en place deux rendez-vous incontournables avec match exhibition sur la Place Jam\u00e2a El Fna le samedi 6 avril histoire de mettre le public Marrakchi dans le bain des festivit\u00e9s. Hicham Arazi va reprendre sa raquette en compagnie d\u2019autres stars qui viendront \u00e9changer quelques balles au plus grand plaisir des passants, des fans et des curieux\u2026 alors que le mercredi 10 avril sera consacr\u00e9 aux enfants avec le traditionnel Kids Day qui reste une belle occasion pour les plus petits de d\u00e9couvrir les courts de tennis, l\u2019ambiance du tournoi et leurs vedettes.<\/p>\n<p class=\"c5\">C\u2019est un grand d\u00e9fi mais aussi un grand honneur pour le RTCMA et ses dirigeants autour du pr\u00e9sident, Aziz Tifnouti, qui ont tout pr\u00e9vu pour r\u00e9ussir ces rendez-vous incontournables du tennis international\u2026<\/p>\n<p>Auteur: rahal mehamed<br \/>\n<a href=\"http:\/\/albayane.press.ma\/tennis-coupe-davis-et-grand-prix-hassan-ii-a-marrakech.html\">Cliquez ici pour lire l&rsquo;article depuis sa source.<\/a><\/p>\n","protected":false},"excerpt":{"rendered":"<p>Rachid Lebchir Deux comp\u00e9titions internationales de grande envergure se d\u00e9roulent actuellement au\u00a0 Royal Tennis Club de Marrakech. Le premier en Coupe Davis avec Maroc-Lituanie et le second au Grand Prix Hassan II avec le tableau qualificatif programm\u00e9 pendant le week-end en attendant le coup d\u2019envoi du tableau final, lundi, qui prendra fin le dimanche 14 [&hellip;]<\/p>\n","protected":false},"author":1760,"featured_media":0,"comment_status":"closed","ping_status":"closed","sticky":false,"template":"","format":"standard","meta":{"fifu_image_url":"","fifu_image_alt":"","footnotes":""},"categories":[73,54],"tags":[],"class_list":["post-26400","post","type-post","status-publish","format-standard","hentry","category-actualite","category-maroc"],"_links":{"self":[{"href":"https:\/\/linitiative.ca\/International\/wp-json\/wp\/v2\/posts\/26400","targetHints":{"allow":["GET"]}}],"collection":[{"href":"https:\/\/linitiative.ca\/International\/wp-json\/wp\/v2\/posts"}],"about":[{"href":"https:\/\/linitiative.ca\/International\/wp-json\/wp\/v2\/types\/post"}],"author":[{"embeddable":true,"href":"https:\/\/linitiative.ca\/International\/wp-json\/wp\/v2\/users\/1760"}],"replies":[{"embeddable":true,"href":"https:\/\/linitiative.ca\/International\/wp-json\/wp\/v2\/comments?post=26400"}],"version-history":[{"count":0,"href":"https:\/\/linitiative.ca\/International\/wp-json\/wp\/v2\/posts\/26400\/revisions"}],"wp:attachment":[{"href":"https:\/\/linitiative.ca\/International\/wp-json\/wp\/v2\/media?parent=26400"}],"wp:term":[{"taxonomy":"category","embeddable":true,"href":"https:\/\/linitiative.ca\/International\/wp-json\/wp\/v2\/categories?post=26400"},{"taxonomy":"post_tag","embeddable":true,"href":"https:\/\/linitiative.ca\/International\/wp-json\/wp\/v2\/tags?post=26400"}],"curies":[{"name":"wp","href":"https:\/\/api.w.org\/{rel}","templated":true}]}}