{"id":26401,"date":"2019-04-07T06:13:09","date_gmt":"2019-04-07T10:13:09","guid":{"rendered":"https:\/\/linitiative.ca\/International\/appel-a-la-couverture-universelle\/"},"modified":"2019-04-07T06:13:09","modified_gmt":"2019-04-07T10:13:09","slug":"appel-a-la-couverture-universelle","status":"publish","type":"post","link":"https:\/\/linitiative.ca\/International\/appel-a-la-couverture-universelle\/","title":{"rendered":"Appel \u00e0 la couverture universelle"},"content":{"rendered":"<p class=\"c3\"><span class=\"c2\"><strong>7 Avril, Journ\u00e9e mondiale de la sant\u00e9<\/strong><\/span><\/p>\n<p class=\"c5\"><span class=\"c4\">Ouardirhi Abdelaziz<\/span><\/p>\n<p class=\"c7\"><strong><span class=\"c2\">D<\/span><span class=\"c6\">epuis 1950, le 7 avril est consacr\u00e9 \u00e0 la Journ\u00e9e mondiale de la sant\u00e9. Il s\u2019agit de c\u00e9l\u00e9brer la fondation de l\u2019Organisation mondiale de la sant\u00e9 (OMS) en 1947. Des manifestations de sensibilisation sont organis\u00e9es dans le monde entier, visant \u00e0 mieux informer l\u2019opinion publique sur la morbidit\u00e9, la mortalit\u00e9 et la souffrance.<\/span><\/strong><\/p>\n<p class=\"c7\">A l\u2019instar des pays de la plan\u00e8te, le Maroc c\u00e9l\u00e8bre, ce dimanche 7 Avril, la journ\u00e9e mondiale de la sant\u00e9. Le th\u00e8me retenu cette ann\u00e9e par l\u2019OMS\u00a0 pour c\u00e9l\u00e9brer cet \u00e9v\u00e9nement plan\u00e9taire est\u00a0: \u00abla couverture sanitaire universelle\u00bb<\/p>\n<p class=\"c7\">A cette occasion des manifestations de sensibilisation sont organis\u00e9es dans le monde entier, visant \u00e0 mieux informer les opinions publiques \u00e0 propos de la morbidit\u00e9, la mortalit\u00e9 et la souffrance.<\/p>\n<p class=\"c7\">Cette journ\u00e9e internationale du 7 Avril est mise a profit par l\u2019ensemble des d\u00e9cideurs, et des autorit\u00e9s sanitaires de chaque pays afin de proc\u00e9der \u00e0 la promotion de la sant\u00e9, de tout mettre en \u0153uvre pour que soit facilit\u00e9 l\u2019acc\u00e8s aux soins \u00e0 tous,\u00a0 ind\u00e9pendamment des moyens des uns et des autres, de la situation sociale, du lieu de r\u00e9sidence.<\/p>\n<p class=\"c7\">C\u2019est un objectif qui est au c\u0153ur des actions qui sont entreprises par l\u2019OMS depuis des d\u00e9cennies \u00e0 travers les diff\u00e9rents pays de la plan\u00e8te, particuli\u00e8rement les plus d\u00e9munis , les plus pauvres,\u00a0 ou des millions de personnes n\u2019ont pas acc\u00e8s aux soins de sant\u00e9 primaires.<\/p>\n<p class=\"c7\">Dans un message \u00e0 l\u2019occasion de la journ\u00e9e mondiale du 7 Avril 2019, Ant\u00f3nio Guterres, Secr\u00e9taire g\u00e9n\u00e9ral de l\u2019ONU a tenu \u00e0 rappeler\u00a0: \u00ab\u00a0La couverture sanitaire universelle pourrait nous permettre d\u2019en finir avec cette situation et de garantir que tout le monde ait acc\u00e8s \u00e0 des services de sant\u00e9 sur un pied d\u2019\u00e9galit\u00e9, sans pour autant \u00e9prouver de difficult\u00e9s financi\u00e8res\u00bb.<\/p>\n<p class=\"c7\"><strong>\u00c9quit\u00e9 et solidarit\u00e9<\/strong><\/p>\n<p class=\"c7\">C\u2019est la raison pour laquelle la couverture sant\u00e9 universelle est cette ann\u00e9e au c\u0153ur de la Journ\u00e9e mondiale de la sant\u00e9, il s\u2019agit entre autre de mettre en exergue toute l\u2019importance que rev\u00eatent deux \u00e9l\u00e9ments essentiels concernant l\u2019acc\u00e8s aux soins pour tous, \u00e0 savoir\u00a0 l\u2019\u00e9quit\u00e9 et la solidarit\u00e9.<\/p>\n<p class=\"c7\">Les soins de sant\u00e9 primaires sont une composante essentielle dans la r\u00e9alisation de la vision r\u00e9gionale de l\u2019OMS pour 2023 : \u00abLa Sant\u00e9 pour tous et par tous\u00bb. Conform\u00e9ment \u00e0 cette nouvelle vision, la campagne de cette ann\u00e9e se concentrera sur l\u2019\u00e9quit\u00e9 et la solidarit\u00e9, sur la n\u00e9cessit\u00e9 d\u2019am\u00e9liorer la sant\u00e9 pour tous, en tous lieux, en comblant les lacunes des services existants.<\/p>\n<p class=\"c7\"><strong>Le Maroc sur la bonne voie<\/strong><\/p>\n<p class=\"c7\">la\u00a0 couverture universelle de sant\u00e9 , ou, pour faire court, la \u00ab couverture universelle \u00bb cela consiste \u00e0 veiller \u00e0 ce que l\u2019ensemble de la population ait acc\u00e8s aux soins pr\u00e9ventifs, curatifs, palliatifs, de r\u00e9adaptation et de promotion de la sant\u00e9 dont elle a besoin, \u00e0 ce que ces soins soient de qualit\u00e9 suffisante pour \u00eatre efficaces, et \u00e0 faire cela sans que cela n\u2019entra\u00eene des difficult\u00e9s , voire de catastrophes financi\u00e8res pour les usagers.<\/p>\n<p class=\"c7\">le Maroc depuis la promulgation de la Loi 65-00 portant Code de la Couverture M\u00e9dicale de Base, s\u2019est engag\u00e9 dans une dynamique progressive d\u2019extension de la protection de la sant\u00e9 des citoyennes et citoyens en parall\u00e8le avec l\u2019am\u00e9lioration de la gouvernance des \u00e9tablissements de soins et des organismes gestionnaires de l\u2019assurance maladie.<\/p>\n<p class=\"c7\">62 % de la population marocaine dispose d\u2019une Couverture M\u00e9dicale de base (34% dans le cadre de l\u2019AMO y compris les \u00e9tudiants et 28% dans le cadre du RAMED).<\/p>\n<p class=\"c7\">La g\u00e9n\u00e9ralisation du RAMED, qui a \u00e9t\u00e9 lanc\u00e9 par Sa Majest\u00e9 le Roi Mohammed VI, le 13 mars 2012 \u00e0 Casablanca,\u00a0 a permis en l\u2019espace de 7 ans\u00a0 d\u2019\u00e9tendre le taux de couverture m\u00e9dicale \u00e0 plus de 60 pour cent de la population du Maroc<\/p>\n<p class=\"c7\">Actuellement, le nombre de b\u00e9n\u00e9ficiaires du RAMED a atteint plus de\u00a0 12 millions de personnes, dont 90% sont des pauvres et 10% des vuln\u00e9rables, 49% r\u00e9sident en milieu rural et 51% en milieu urbain, avec 53% de femmes et 47% des hommes.<\/p>\n<p class=\"c7\">L\u2019extension de l\u2019assurance maladie aux cat\u00e9gories non couvertes permettra d\u2019atteindre plus de 90% de la population \u00e0 l\u2019horizon 2025.<\/p>\n<p class=\"c7\">C\u2019est ainsi que pour atteindre ces 90% de la population couverte , le minist\u00e8re de la sant\u00e9 est actuellement en concertation avec les repr\u00e9sentants des cat\u00e9gories socioprofessionnelles organis\u00e9es et structur\u00e9es pour la mise en \u0153uvre de la loi 98-15 relative \u00e0 l\u2019AMO des travailleurs non-salari\u00e9s et qui constituent environ 33% de la population.<\/p>\n<p class=\"c7\">Ce qui est important dans ce grand chantier social, c\u2019est d\u2019asseoir les bases d\u2019une couverture sanitaire universelle au Maroc, sans discrimination, \u00e0 toute la population de notre pays. C\u2019est mettre \u00e0 disposition de toutes et de tous des services de sant\u00e9 de qualit\u00e9, o\u00f9 et quand ils en ont besoin, sans qu\u2019ils ne rencontrent de difficult\u00e9s financi\u00e8res, afin que nos concitoyennes et concitoyens n\u2019aient pas \u00e0 choisir entre des besoins fondamentaux.<\/p>\n<p>Auteur: rahal mehamed<br \/>\n<a href=\"http:\/\/albayane.press.ma\/appel-a-la-couverture-universelle.html\">Cliquez ici pour lire l&rsquo;article depuis sa source.<\/a><\/p>\n","protected":false},"excerpt":{"rendered":"<p>7 Avril, Journ\u00e9e mondiale de la sant\u00e9 Ouardirhi Abdelaziz Depuis 1950, le 7 avril est consacr\u00e9 \u00e0 la Journ\u00e9e mondiale de la sant\u00e9. Il s\u2019agit de c\u00e9l\u00e9brer la fondation de l\u2019Organisation mondiale de la sant\u00e9 (OMS) en 1947. Des manifestations de sensibilisation sont organis\u00e9es dans le monde entier, visant \u00e0 mieux informer l\u2019opinion publique sur [&hellip;]<\/p>\n","protected":false},"author":1760,"featured_media":0,"comment_status":"closed","ping_status":"closed","sticky":false,"template":"","format":"standard","meta":{"fifu_image_url":"","fifu_image_alt":"","footnotes":""},"categories":[73,54],"tags":[],"class_list":["post-26401","post","type-post","status-publish","format-standard","hentry","category-actualite","category-maroc"],"_links":{"self":[{"href":"https:\/\/linitiative.ca\/International\/wp-json\/wp\/v2\/posts\/26401","targetHints":{"allow":["GET"]}}],"collection":[{"href":"https:\/\/linitiative.ca\/International\/wp-json\/wp\/v2\/posts"}],"about":[{"href":"https:\/\/linitiative.ca\/International\/wp-json\/wp\/v2\/types\/post"}],"author":[{"embeddable":true,"href":"https:\/\/linitiative.ca\/International\/wp-json\/wp\/v2\/users\/1760"}],"replies":[{"embeddable":true,"href":"https:\/\/linitiative.ca\/International\/wp-json\/wp\/v2\/comments?post=26401"}],"version-history":[{"count":0,"href":"https:\/\/linitiative.ca\/International\/wp-json\/wp\/v2\/posts\/26401\/revisions"}],"wp:attachment":[{"href":"https:\/\/linitiative.ca\/International\/wp-json\/wp\/v2\/media?parent=26401"}],"wp:term":[{"taxonomy":"category","embeddable":true,"href":"https:\/\/linitiative.ca\/International\/wp-json\/wp\/v2\/categories?post=26401"},{"taxonomy":"post_tag","embeddable":true,"href":"https:\/\/linitiative.ca\/International\/wp-json\/wp\/v2\/tags?post=26401"}],"curies":[{"name":"wp","href":"https:\/\/api.w.org\/{rel}","templated":true}]}}