{"id":26410,"date":"2019-04-07T10:35:00","date_gmt":"2019-04-07T14:35:00","guid":{"rendered":"https:\/\/linitiative.ca\/International\/la-commission-parlementaire-mixte-reunie-aujourdhui\/"},"modified":"2019-04-07T10:35:00","modified_gmt":"2019-04-07T14:35:00","slug":"la-commission-parlementaire-mixte-reunie-aujourdhui","status":"publish","type":"post","link":"https:\/\/linitiative.ca\/International\/la-commission-parlementaire-mixte-reunie-aujourdhui\/","title":{"rendered":"La commission parlementaire mixte r\u00e9unie aujourd\u2019hui"},"content":{"rendered":"<div id=\"originalText\" readability=\"66\">\n<p>La Commission parlementaire mixte charg\u00e9e de l&rsquo;\u00e9laboration du r\u00e8glement du d\u00e9roulement des travaux de la conf\u00e9rence parlementaire, pr\u00e9vue mardi, si\u00e9geant en chambres r\u00e9unies, a tenu, ce dimanche sa r\u00e9union au si\u00e8ge du Conseil de la nation, a rapport\u00e9 l\u2019APS.<\/p>\n<p>\u00ab\u00a0La commission parlementaire mixte a tenu, dimanche au si\u00e8ge du Conseil de la nation, une r\u00e9union sous la pr\u00e9sidence du doyen d&rsquo;\u00e2ge, M. Salah Goudjil, et ce, en application des dispositions de l&rsquo;article 101, d\u00e9finissant l&rsquo;organisation et le fonctionnement de l&rsquo;APN et du Conseil de la nation ainsi que les relations fonctionnelles entre les chambres du parlement et le gouvernement\u00a0\u00bb, indique l\u2019APS qui cite un communiqu\u00e9 du Conseil de la nation.<\/p>\n<p>Cette r\u00e9union a \u00e9t\u00e9 consacr\u00e9e \u00e0 l&rsquo;examen et au d\u00e9bat \u00ab\u00a0du projet de r\u00e8glement du d\u00e9roulement des travaux de la r\u00e9union du Parlement, si\u00e9geant en chambres r\u00e9unies, pr\u00e9vue le mardi 09 avril en vue de prendre acte de la d\u00e9claration du Conseil constitutionnel constant la vacance d\u00e9finitive du poste du pr\u00e9sident de la R\u00e9publique et d&rsquo;activer l&rsquo;application de l&rsquo;article 102 de la Constitution\u00a0\u00bb, pr\u00e9cise la m\u00eame source.<\/p>\n<p>Pour rappel, cette commission a \u00e9t\u00e9 install\u00e9e par le pr\u00e9sident du Conseil de la nation, Abdelkader Bensalah lors de la r\u00e9union jeudi \u00a0dernier, des deux bureaux du Parlement au si\u00e8ge du Conseil.<\/p>\n<p class=\"c10\"><strong>Sihem Benmalek<\/strong><\/p>\n<\/div>\n<div id=\"text_core\" readability=\"66\">\n<p>La Commission parlementaire mixte charg\u00e9e de l&rsquo;\u00e9laboration du r\u00e8glement du d\u00e9roulement des travaux de la conf\u00e9rence parlementaire, pr\u00e9vue mardi, si\u00e9geant en chambres r\u00e9unies, a tenu, ce dimanche sa r\u00e9union au si\u00e8ge du Conseil de la nation, a rapport\u00e9 l\u2019APS.<\/p>\n<p>\u00ab\u00a0La commission parlementaire mixte a tenu, dimanche au si\u00e8ge du Conseil de la nation, une r\u00e9union sous la pr\u00e9sidence du doyen d&rsquo;\u00e2ge, M. Salah Goudjil, et ce, en application des dispositions de l&rsquo;article 101, d\u00e9finissant l&rsquo;organisation et le fonctionnement de l&rsquo;APN et du Conseil de la nation ainsi que les relations fonctionnelles entre les chambres du parlement et le gouvernement\u00a0\u00bb, indique l\u2019APS qui cite un communiqu\u00e9 du Conseil de la nation.<\/p>\n<p>Cette r\u00e9union a \u00e9t\u00e9 consacr\u00e9e \u00e0 l&rsquo;examen et au d\u00e9bat \u00ab\u00a0du projet de r\u00e8glement du d\u00e9roulement des travaux de la r\u00e9union du Parlement, si\u00e9geant en chambres r\u00e9unies, pr\u00e9vue le mardi 09 avril en vue de prendre acte de la d\u00e9claration du Conseil constitutionnel constant la vacance d\u00e9finitive du poste du pr\u00e9sident de la R\u00e9publique et d&rsquo;activer l&rsquo;application de l&rsquo;article 102 de la Constitution\u00a0\u00bb, pr\u00e9cise la m\u00eame source.<\/p>\n<p>Pour rappel, cette commission a \u00e9t\u00e9 install\u00e9e par le pr\u00e9sident du Conseil de la nation, Abdelkader Bensalah lors de la r\u00e9union jeudi \u00a0dernier, des deux bureaux du Parlement au si\u00e8ge du Conseil.<\/p>\n<p class=\"c10\"><strong>Sihem Benmalek<\/strong><\/p>\n<\/div>\n<p>Auteur:<br \/>\n<a href=\"https:\/\/www.liberte-algerie.com\/actualite\/la-commission-parlementaire-mixte-reunie-aujourdhui-313276\">Cliquez ici pour lire l&rsquo;article depuis sa source.<\/a><\/p>\n","protected":false},"excerpt":{"rendered":"<p>La Commission parlementaire mixte charg\u00e9e de l&rsquo;\u00e9laboration du r\u00e8glement du d\u00e9roulement des travaux de la conf\u00e9rence parlementaire, pr\u00e9vue mardi, si\u00e9geant en chambres r\u00e9unies, a tenu, ce dimanche sa r\u00e9union au si\u00e8ge du Conseil de la nation, a rapport\u00e9 l\u2019APS. \u00ab\u00a0La commission parlementaire mixte a tenu, dimanche au si\u00e8ge du Conseil de la nation, une r\u00e9union [&hellip;]<\/p>\n","protected":false},"author":1742,"featured_media":0,"comment_status":"closed","ping_status":"closed","sticky":false,"template":"","format":"standard","meta":{"fifu_image_url":"","fifu_image_alt":"","footnotes":""},"categories":[73,53],"tags":[],"class_list":["post-26410","post","type-post","status-publish","format-standard","hentry","category-actualite","category-algerie"],"_links":{"self":[{"href":"https:\/\/linitiative.ca\/International\/wp-json\/wp\/v2\/posts\/26410","targetHints":{"allow":["GET"]}}],"collection":[{"href":"https:\/\/linitiative.ca\/International\/wp-json\/wp\/v2\/posts"}],"about":[{"href":"https:\/\/linitiative.ca\/International\/wp-json\/wp\/v2\/types\/post"}],"author":[{"embeddable":true,"href":"https:\/\/linitiative.ca\/International\/wp-json\/wp\/v2\/users\/1742"}],"replies":[{"embeddable":true,"href":"https:\/\/linitiative.ca\/International\/wp-json\/wp\/v2\/comments?post=26410"}],"version-history":[{"count":0,"href":"https:\/\/linitiative.ca\/International\/wp-json\/wp\/v2\/posts\/26410\/revisions"}],"wp:attachment":[{"href":"https:\/\/linitiative.ca\/International\/wp-json\/wp\/v2\/media?parent=26410"}],"wp:term":[{"taxonomy":"category","embeddable":true,"href":"https:\/\/linitiative.ca\/International\/wp-json\/wp\/v2\/categories?post=26410"},{"taxonomy":"post_tag","embeddable":true,"href":"https:\/\/linitiative.ca\/International\/wp-json\/wp\/v2\/tags?post=26410"}],"curies":[{"name":"wp","href":"https:\/\/api.w.org\/{rel}","templated":true}]}}