{"id":26415,"date":"2019-04-06T15:18:24","date_gmt":"2019-04-06T19:18:24","guid":{"rendered":"https:\/\/linitiative.ca\/International\/plaidoyer-pour-un-bon-management-de-loffre-culturelle-dediee-aux-marocains-du-monde\/"},"modified":"2019-04-06T15:18:24","modified_gmt":"2019-04-06T19:18:24","slug":"plaidoyer-pour-un-bon-management-de-loffre-culturelle-dediee-aux-marocains-du-monde","status":"publish","type":"post","link":"https:\/\/linitiative.ca\/International\/plaidoyer-pour-un-bon-management-de-loffre-culturelle-dediee-aux-marocains-du-monde\/","title":{"rendered":"Plaidoyer pour un bon management de l\u2019offre culturelle d\u00e9di\u00e9e aux Marocains du Monde"},"content":{"rendered":"<div readability=\"37\">\n<p>Marrakech \u2013 Les participants \u00e0 une table ronde sur la question des centres culturels marocains \u00e0 l\u2019\u00e9tranger ont plaid\u00e9, samedi \u00e0 Marrakech, en faveur d\u2019une v\u00e9ritable approche participative, fond\u00e9e notamment sur un bon management de l\u2019offre culturelle d\u00e9di\u00e9e aux Marocains du Monde.<\/p>\n<\/div>\n<div readability=\"151\">\n<p>Lors de leurs interventions \u00e0 l\u2019occasion de cette rencontre-d\u00e9bat, initi\u00e9e par \u00ab\u00a0Bled Magazine\u00a0\u00bb (BM), en partenariat avec le Centre d\u2019\u00e9tudes et de recherches sur l\u2019immigration et la citoyennet\u00e9 (CERIC) dans le cadre de la 3\u00e8 \u00e9dition des Troph\u00e9es Marocains du Monde (TMM), autour de la th\u00e9matique \u00ab\u00a0Centres culturels marocains \u00e0 l\u2019\u00e9tranger: D\u00e9fis d\u2019un projet en gestation\u00a0\u00bb, ils ont soulign\u00e9 la n\u00e9cessit\u00e9 de la mise en place d\u2019une vision claire, port\u00e9e par l\u2019ensemble des acteurs concern\u00e9s, aussi bien dans le Royaume que dans les pays d\u2019accueil, au sujet du r\u00f4le et du fonctionnement de ces centres.<\/p>\n<p>A la faveur de cette vision partag\u00e9e, ont-ils expliqu\u00e9, ces structures serviront ainsi d\u2019espaces pour rapprocher les MRE, notamment les g\u00e9n\u00e9rations montantes, des diff\u00e9rents aspects de la riche culture de la M\u00e8re-Patrie, renforcer le sentiment de leur appartenance \u00e0 l\u2019identit\u00e9 culturelle du Royaume et mieux contribuer \u00e0 la dynamique culturelle dans les pays d\u2019accueil.<\/p>\n<p>Dans ce cadre, le directeur de l\u2019action sociale, culturelle, \u00e9ducative et des affaires juridiques au minist\u00e8re charg\u00e9 des Marocains r\u00e9sidant \u00e0 l\u2019\u00e9tranger et des Affaires de la migration, Ismail Lamghari, a mis en avant l\u2019importance et la gen\u00e8se des centres culturels marocains \u00e0 l\u2019\u00e9tranger, tout en abordant le cadre juridique r\u00e9gissant la cr\u00e9ation, l\u2019organisation et la gestion de ces espaces en tant que lieux de promotion de la culture marocaine et de l\u2019interculturalit\u00e9 avec les autres pays.<\/p>\n<p>Soulignant l\u2019int\u00e9r\u00eat accord\u00e9 par le minist\u00e8re au renforcement de l\u2019offre culturelle destin\u00e9e \u00e0 la communaut\u00e9 marocaine \u00e9tablie \u00e0 l\u2019\u00e9tranger tout en veillant \u00e0 consolider ses liens avec le Maroc, M. Lamghari a insist\u00e9 sur l\u2019imp\u00e9ratif de mieux faire conna\u00eetre aux g\u00e9n\u00e9rations montantes des MRE leurs origines en vue de les aider \u00e0 mieux s\u2019int\u00e9grer et r\u00e9ussir dans les soci\u00e9t\u00e9s des pays d\u2019accueil.<\/p>\n<p>Pour sa part, Yamila Idrissi, parlementaire et membre de la commission culture en Belgique, a soulign\u00e9 l\u2019importance de la mise en place de ces centres, faisant constater que l\u2019alternance au niveau des responsables politiques locaux impacte le processus de cr\u00e9ation de ces structures.<\/p>\n<p>D\u2019o\u00f9, a-t-elle sugg\u00e9r\u00e9, la n\u00e9cessit\u00e9 de pr\u00f4ner, d\u00e8s le d\u00e9part, une vision partag\u00e9e et d\u2019\u00e9laborer un projet qui soit port\u00e9 par l\u2019ensemble des acteurs concern\u00e9s, abstraction faite de tout \u00e9ventuel changement au niveau de la sc\u00e8ne politique dans les soci\u00e9t\u00e9s d\u2019accueil.<\/p>\n<p>Mettant en \u00e9vidence la richesse de la civilisation marocaine et la diversit\u00e9 de la culture du Royaume, la d\u00e9put\u00e9e flamande a focalis\u00e9 sur l\u2019apport majeur de la culture en tant que vecteur du vivre-ensemble ainsi que sur le r\u00f4le central de la chose culturelle dans le rassemblement des Marocains du Monde, toutes origines confondues.<\/p>\n<p>Lui embo\u00eetant le pas, le directeur du Centre nomade des arts \u00e0 Bruxelles, Mohamed Ikouba\u00e2n, s\u2019est attard\u00e9 sur plusieurs probl\u00e8mes qui entravent la mise en place de ces espaces, notamment d\u2019ordre politique, tout en se demandant si ces structures doivent \u00eatre un instrument de la diplomatie culturelle ou un espace \u00e0 la disposition de la diaspora et des artistes issus de l\u2019immigration.<\/p>\n<p>M. Ikouba\u00e2n a aussi relev\u00e9 l\u2019importance de l\u2019ouverture de ces centres sur la diversit\u00e9 et l\u2019\u00e9change interculturel pour consolider la dynamique culturelle dans les pays d\u2019accueil, tout en plaidant pour une vision globale qui permet d\u2019aboutir \u00e0 des solutions pertinentes, susceptibles d\u2019apporter des r\u00e9ponses aux vraies probl\u00e9matiques li\u00e9es \u00e0 la cr\u00e9ation de ces centres.<\/p>\n<p>Dans la m\u00eame veine, M. Younes Ajaray, consultant en ing\u00e9nierie culturelle, a mis l\u2019accent sur l\u2019imp\u00e9ratif de se doter d\u2019une vision claire, d\u00e9velopp\u00e9e et r\u00e9fl\u00e9chie, loin des d\u00e9cisions h\u00e2tives ou de circonstance, tout en soutenant que cette vision doit \u00e9galement prendre en compte la r\u00e9alit\u00e9 dans les pays d\u2019immigration o\u00f9 les MRE ont soif de culture marocaine avec ses diff\u00e9rents affluents.<\/p>\n<p>Relevant l\u2019importance de la programmation culturelle, il a, dans ce sens, plaid\u00e9 pour une approche participative bas\u00e9e sur la coll\u00e9gialit\u00e9 et l\u2019implication des diff\u00e9rents acteurs, dont les professionnels (locaux, issus de l\u2019immigration ou \u00e9trangers) ainsi que sur un bon management culturel pour \u00e9tablir une programmation qui r\u00e9pond aux attentes des MRE.<\/p>\n<p>Outre cette table ronde, des Marocains du Monde ayant brill\u00e9 dans leurs domaines d\u2019activit\u00e9 respectifs seront honor\u00e9s, ce samedi, lors d\u2019une soir\u00e9e organis\u00e9e \u00e0 l\u2019occasion de cette 3\u00e8 \u00e9dition des TMM.<\/p>\n<p>Cet \u00e9v\u00e9nement vise \u00e0 promouvoir une image positive de la diaspora marocaine et \u00e0 mettre en lumi\u00e8re les parcours exceptionnels de Marocains du Monde, consid\u00e9r\u00e9s comme mod\u00e8les d\u2019int\u00e9gration sociale r\u00e9ussie au sein des pays d\u2019accueil.<\/p>\n<p>\u00ab\u00a0L\u2019objectif n\u2019est pas de mettre en comp\u00e9tition des Marocains du Monde, mais de mettre la lumi\u00e8re sur des personnes qui sont de v\u00e9ritables ambassadeurs pour le Maroc\u00a0\u00bb, explique Amine Sa\u00e2d, directeur de publication de \u00ab\u00a0Bled Magazine\u00a0\u00bb (BM) et initiateur de l\u2019\u00e9v\u00e9nement.<\/p>\n<\/div>\n<p>Auteur: Meriem IGASS<br \/>\n<a href=\"http:\/\/www.mapmarrakech.ma\/fr\/plaidoyer-pour-une-approche-participative-fondee-sur-un-bon-management-de-loffre-culturelle-dediee-aux-marocains-du-monde\/\">Cliquez ici pour lire l&rsquo;article depuis sa source.<\/a><\/p>\n","protected":false},"excerpt":{"rendered":"<p>Marrakech \u2013 Les participants \u00e0 une table ronde sur la question des centres culturels marocains \u00e0 l\u2019\u00e9tranger ont plaid\u00e9, samedi \u00e0 Marrakech, en faveur d\u2019une v\u00e9ritable approche participative, fond\u00e9e notamment sur un bon management de l\u2019offre culturelle d\u00e9di\u00e9e aux Marocains du Monde. Lors de leurs interventions \u00e0 l\u2019occasion de cette rencontre-d\u00e9bat, initi\u00e9e par \u00ab\u00a0Bled Magazine\u00a0\u00bb [&hellip;]<\/p>\n","protected":false},"author":1788,"featured_media":0,"comment_status":"closed","ping_status":"closed","sticky":false,"template":"","format":"standard","meta":{"fifu_image_url":"","fifu_image_alt":"","footnotes":""},"categories":[54,76],"tags":[],"class_list":["post-26415","post","type-post","status-publish","format-standard","hentry","category-maroc","category-regions"],"_links":{"self":[{"href":"https:\/\/linitiative.ca\/International\/wp-json\/wp\/v2\/posts\/26415","targetHints":{"allow":["GET"]}}],"collection":[{"href":"https:\/\/linitiative.ca\/International\/wp-json\/wp\/v2\/posts"}],"about":[{"href":"https:\/\/linitiative.ca\/International\/wp-json\/wp\/v2\/types\/post"}],"author":[{"embeddable":true,"href":"https:\/\/linitiative.ca\/International\/wp-json\/wp\/v2\/users\/1788"}],"replies":[{"embeddable":true,"href":"https:\/\/linitiative.ca\/International\/wp-json\/wp\/v2\/comments?post=26415"}],"version-history":[{"count":0,"href":"https:\/\/linitiative.ca\/International\/wp-json\/wp\/v2\/posts\/26415\/revisions"}],"wp:attachment":[{"href":"https:\/\/linitiative.ca\/International\/wp-json\/wp\/v2\/media?parent=26415"}],"wp:term":[{"taxonomy":"category","embeddable":true,"href":"https:\/\/linitiative.ca\/International\/wp-json\/wp\/v2\/categories?post=26415"},{"taxonomy":"post_tag","embeddable":true,"href":"https:\/\/linitiative.ca\/International\/wp-json\/wp\/v2\/tags?post=26415"}],"curies":[{"name":"wp","href":"https:\/\/api.w.org\/{rel}","templated":true}]}}