{"id":26416,"date":"2019-04-06T15:56:29","date_gmt":"2019-04-06T19:56:29","guid":{"rendered":"https:\/\/linitiative.ca\/International\/maroc-bid-nouveau-partenariat-2019-2022\/"},"modified":"2019-04-06T15:56:29","modified_gmt":"2019-04-06T19:56:29","slug":"maroc-bid-nouveau-partenariat-2019-2022","status":"publish","type":"post","link":"https:\/\/linitiative.ca\/International\/maroc-bid-nouveau-partenariat-2019-2022\/","title":{"rendered":"Maroc-BID, nouveau partenariat 2019-2022"},"content":{"rendered":"<div readability=\"36\">\n<p>Marrakech \u2013 Le Maroc et la Banque islamique de d\u00e9veloppement (BID) ont scell\u00e9, samedi \u00e0 Marrakech, un accord-cadre sur la strat\u00e9gie d\u2019un partenariat couvrant la p\u00e9riode 2019-2022 et ax\u00e9 sur le d\u00e9veloppement des cha\u00eenes de valeur des secteurs \u00e9conomiques.<\/p>\n<\/div>\n<div readability=\"99\">\n<p>Sign\u00e9 \u00e0 l\u2019issue de la 44\u00e8me r\u00e9union annuelle de la BID par le secr\u00e9taire g\u00e9n\u00e9ral du minist\u00e8re de l\u2019\u00c9conomie et des finances, Zouhair Chorfi et le pr\u00e9sident de la BID, Bandar Hajjar, cet accord-cadre vise \u00e0 d\u00e9terminer les domaines de coop\u00e9ration entre le Maroc et cette institution pour les quatre ann\u00e9es \u00e0 venir.<\/p>\n<p>\u00ab\u00a0Nous avons scell\u00e9 un accord-cadre qui fixe le partenariat \u00e0 l\u2019horizon 2022 et qui porte principalement sur les questions li\u00e9es \u00e0 la comp\u00e9titivit\u00e9 de l\u2019\u00e9conomie marocaine et son int\u00e9gration dans l\u2019\u00e9conomie mondiale\u00a0\u00bb, a dit M. Chorfi dans une d\u00e9claration \u00e0 la presse \u00e0 cette occasion.<\/p>\n<p>Il a, en outre, fait savoir qu\u2019en marge des travaux de cette r\u00e9union, plusieurs accords ont \u00e9t\u00e9 sign\u00e9s renfor\u00e7ant davantage la coop\u00e9ration \u00e0 moyen terme entre le Maroc et la BID, mettant en relief l\u2019existence d\u2019une multitude de programmes ax\u00e9s sur des approches sectorielles en vue d\u2019am\u00e9liorer, in fine, la comp\u00e9titivit\u00e9 et les exportations marocaines et, par ricochet, la cr\u00e9ation d\u2019emploi.<\/p>\n<p>M. Chorfi a indiqu\u00e9 qu\u2019\u00e0 cette occasion, un plan d\u2019action d\u2019\u00e9tape 2019 d\u2019une enveloppe de pr\u00e8s de 206 millions de dollars a \u00e9t\u00e9 \u00e9labor\u00e9 par les deux parties pour financer des projets \u00e0 dimension sociale, notamment l\u2019Initiative nationale pour le d\u00e9veloppement humain (INDH) et le pr\u00e9scolaire, et, en m\u00eame temps, le d\u00e9veloppement territorial, soulignant que la BID va accompagner le Royaume dans ses efforts de r\u00e9gionalisation en vue de faire des r\u00e9gions de nouveaux p\u00f4les de d\u00e9veloppement.<\/p>\n<p>Parall\u00e8lement, le Maroc et la BID ont conclu un accord d\u2019assistance technique sur une contribution de 1,5 million USD de la banque pour appuyer la phase III de l\u2019INDH, une convention sur le financement d\u2019un projet de d\u00e9veloppement rural inclusif dans la r\u00e9gion Tanger-T\u00e9touan-Al Hoceima d\u2019une somme de 93,8 millions de dollars qui a pour objectif de r\u00e9duire le nombre de m\u00e9nages vivant sous le seuil de pauvret\u00e9 et ce, \u00e0 travers, l\u2019am\u00e9lioration des conditions de vie des populations rurales.<\/p>\n<p>Les deux parties ont \u00e9galement sign\u00e9 une convention d\u2019assistance technique pour l\u2019\u00e9laboration d\u2019un mod\u00e8le int\u00e9gr\u00e9 pour le d\u00e9veloppement de l\u2019\u00e9ducation au Maroc avec une contribution de 280.000 dollars am\u00e9ricains de la BID. Ce projet vise \u00e0 rendre obligatoire l\u2019acc\u00e8s \u00e0 l\u2019\u00e9ducation et \u00e0 l\u2019enseignement pour les enfants \u00e2g\u00e9s entre 4 \u00e0 11 ans et \u00e0 am\u00e9liorer les r\u00e9sultats scolaires des \u00e9l\u00e8ves lors des \u00e9valuations nationales et internationales \u00e0 travers l\u2019\u00e9laboration et la mise en \u0153uvre d\u2019un mod\u00e8le int\u00e9gr\u00e9 de d\u00e9veloppement de l\u2019enseignement fondamental.<\/p>\n<p>Organis\u00e9e du 03 au 06 avril courant sous le Haut Patronage de SM le Roi Mohammed VI, la 44\u00e8 r\u00e9union annuelle du Groupe de la BID traite de la th\u00e9matique de \u00ab\u00a0la transformation dans un monde en mouvement: un cheminement vers les Objectifs Durables de D\u00e9veloppement\u00a0\u00bb.<\/p>\n<p>Cette th\u00e9matique incarne la nouvelle strat\u00e9gie port\u00e9e par la banque pour la r\u00e9alisation des ODD. A cet effet, seront d\u00e9cortiqu\u00e9s les quatre piliers essentiels du plan quinquennal de la BID, \u00e0 savoir \u00ab\u00a0les partenariats public-priv\u00e9\u00a0\u00bb, \u00ab\u00a0la science, la technologie et l\u2019innovation\u00a0\u00bb, \u00ab\u00a0la cha\u00eene de valeurs mondiale\u00a0\u00bb et \u00ab\u00a0la finance Islamique\u00a0\u00bb.<\/p>\n<\/div>\n<p>Auteur: Meriem IGASS<br \/>\n<a href=\"http:\/\/www.mapmarrakech.ma\/fr\/maroc-bid-nouveau-partenariat-2019-2022\/\">Cliquez ici pour lire l&rsquo;article depuis sa source.<\/a><\/p>\n","protected":false},"excerpt":{"rendered":"<p>Marrakech \u2013 Le Maroc et la Banque islamique de d\u00e9veloppement (BID) ont scell\u00e9, samedi \u00e0 Marrakech, un accord-cadre sur la strat\u00e9gie d\u2019un partenariat couvrant la p\u00e9riode 2019-2022 et ax\u00e9 sur le d\u00e9veloppement des cha\u00eenes de valeur des secteurs \u00e9conomiques. Sign\u00e9 \u00e0 l\u2019issue de la 44\u00e8me r\u00e9union annuelle de la BID par le secr\u00e9taire g\u00e9n\u00e9ral du [&hellip;]<\/p>\n","protected":false},"author":1788,"featured_media":0,"comment_status":"closed","ping_status":"closed","sticky":false,"template":"","format":"standard","meta":{"fifu_image_url":"","fifu_image_alt":"","footnotes":""},"categories":[54,76],"tags":[],"class_list":["post-26416","post","type-post","status-publish","format-standard","hentry","category-maroc","category-regions"],"_links":{"self":[{"href":"https:\/\/linitiative.ca\/International\/wp-json\/wp\/v2\/posts\/26416","targetHints":{"allow":["GET"]}}],"collection":[{"href":"https:\/\/linitiative.ca\/International\/wp-json\/wp\/v2\/posts"}],"about":[{"href":"https:\/\/linitiative.ca\/International\/wp-json\/wp\/v2\/types\/post"}],"author":[{"embeddable":true,"href":"https:\/\/linitiative.ca\/International\/wp-json\/wp\/v2\/users\/1788"}],"replies":[{"embeddable":true,"href":"https:\/\/linitiative.ca\/International\/wp-json\/wp\/v2\/comments?post=26416"}],"version-history":[{"count":0,"href":"https:\/\/linitiative.ca\/International\/wp-json\/wp\/v2\/posts\/26416\/revisions"}],"wp:attachment":[{"href":"https:\/\/linitiative.ca\/International\/wp-json\/wp\/v2\/media?parent=26416"}],"wp:term":[{"taxonomy":"category","embeddable":true,"href":"https:\/\/linitiative.ca\/International\/wp-json\/wp\/v2\/categories?post=26416"},{"taxonomy":"post_tag","embeddable":true,"href":"https:\/\/linitiative.ca\/International\/wp-json\/wp\/v2\/tags?post=26416"}],"curies":[{"name":"wp","href":"https:\/\/api.w.org\/{rel}","templated":true}]}}