{"id":26427,"date":"2019-04-07T15:14:10","date_gmt":"2019-04-07T19:14:10","guid":{"rendered":"https:\/\/linitiative.ca\/International\/international-real-asensio-a-lopportunite-de-faire-partie-du-trident-la-saison-prochaine\/"},"modified":"2019-04-07T15:14:10","modified_gmt":"2019-04-07T19:14:10","slug":"international-real-asensio-a-lopportunite-de-faire-partie-du-trident-la-saison-prochaine","status":"publish","type":"post","link":"https:\/\/linitiative.ca\/International\/international-real-asensio-a-lopportunite-de-faire-partie-du-trident-la-saison-prochaine\/","title":{"rendered":"International : Real : Asensio a l&rsquo;opportunit\u00e9 de faire partie du trident la saison prochaine"},"content":{"rendered":"<div readability=\"32\">\n<p>Auteur : <span class=\"time\">dimanche 07 avril 2019 13:12<\/span><\/p>\n<\/div>\n<div id=\"post_core\" readability=\"47\">\n<p>Le jeune international espagnol effectue effectivement un retour en gr\u00e2ce depuis que Zidane est revenu. Il a d\u00e9but\u00e9 quatre matchs. Il a \u00e9t\u00e9 tr\u00e8s bon, en particulier quand le coach fran\u00e7ais a d\u00e9cid\u00e9 de le replacer sur le c\u00f4t\u00e9 droit de l&rsquo;attaque comme l&rsquo;indique 90min. Marco Asensio aurait jusqu&rsquo;\u00e0\u00a0la fin de l&rsquo;exercice pour prouver qu&rsquo;il m\u00e9rite sa place de titulaire la saison prochaine au\u00a0\u200bReal Madrid.<\/p>\n<p>Alors que Gareth Bale devrait quitter le\u00a0\u200bReal Madrid, le club\u00a0devrait en r\u00e9ponse\u00a0attirer Eden Hazard. Alors que Vinicius semble \u00e0 l&rsquo;aise \u00e0 gauche, ce serait le Br\u00e9silien qui ferait les frais de cette arriv\u00e9e. Et le b\u00e9n\u00e9fice serait pour le gaucher de 23 ans qui se situerait \u00e0 droite. D&rsquo;apr\u00e8s AS, on pourrait donc avoir un trident d&rsquo;attaque compos\u00e9 d&rsquo;Hazard, Benzema et d&rsquo;Asensio. Un trio qui a fi\u00e8re allure si les trois pratiquent leur meilleur football.<\/p>\n<p><strong>Publi\u00e9 dans :<\/strong> <span>real madrid<\/span><\/p>\n<\/div>\n<p>Auteur:<br \/>\n<a href=\"http:\/\/www.lebuteur.com\/article\/detail?titre=real-asensio-a-lopportunite-de-faire-partie-du-trident-la-saison-prochaine&#038;id=87804&#038;utm_source=feedburner&#038;utm_medium=feed&#038;utm_campaign=Feed%3A+GalerieFArtciles+%28Les+derniers+articles++-+lebuteur.com%29\">Cliquez ici pour lire l&rsquo;article depuis sa source.<\/a><\/p>\n","protected":false},"excerpt":{"rendered":"<p>Auteur : dimanche 07 avril 2019 13:12 Le jeune international espagnol effectue effectivement un retour en gr\u00e2ce depuis que Zidane est revenu. Il a d\u00e9but\u00e9 quatre matchs. Il a \u00e9t\u00e9 tr\u00e8s bon, en particulier quand le coach fran\u00e7ais a d\u00e9cid\u00e9 de le replacer sur le c\u00f4t\u00e9 droit de l&rsquo;attaque comme l&rsquo;indique 90min. Marco Asensio aurait [&hellip;]<\/p>\n","protected":false},"author":1738,"featured_media":26428,"comment_status":"closed","ping_status":"closed","sticky":false,"template":"","format":"standard","meta":{"fifu_image_url":"","fifu_image_alt":"","footnotes":""},"categories":[53,75],"tags":[],"class_list":["post-26427","post","type-post","status-publish","format-standard","has-post-thumbnail","hentry","category-algerie","category-sport"],"_links":{"self":[{"href":"https:\/\/linitiative.ca\/International\/wp-json\/wp\/v2\/posts\/26427","targetHints":{"allow":["GET"]}}],"collection":[{"href":"https:\/\/linitiative.ca\/International\/wp-json\/wp\/v2\/posts"}],"about":[{"href":"https:\/\/linitiative.ca\/International\/wp-json\/wp\/v2\/types\/post"}],"author":[{"embeddable":true,"href":"https:\/\/linitiative.ca\/International\/wp-json\/wp\/v2\/users\/1738"}],"replies":[{"embeddable":true,"href":"https:\/\/linitiative.ca\/International\/wp-json\/wp\/v2\/comments?post=26427"}],"version-history":[{"count":0,"href":"https:\/\/linitiative.ca\/International\/wp-json\/wp\/v2\/posts\/26427\/revisions"}],"wp:featuredmedia":[{"embeddable":true,"href":"https:\/\/linitiative.ca\/International\/wp-json\/"}],"wp:attachment":[{"href":"https:\/\/linitiative.ca\/International\/wp-json\/wp\/v2\/media?parent=26427"}],"wp:term":[{"taxonomy":"category","embeddable":true,"href":"https:\/\/linitiative.ca\/International\/wp-json\/wp\/v2\/categories?post=26427"},{"taxonomy":"post_tag","embeddable":true,"href":"https:\/\/linitiative.ca\/International\/wp-json\/wp\/v2\/tags?post=26427"}],"curies":[{"name":"wp","href":"https:\/\/api.w.org\/{rel}","templated":true}]}}