{"id":26429,"date":"2019-04-07T15:14:11","date_gmt":"2019-04-07T19:14:11","guid":{"rendered":"https:\/\/linitiative.ca\/International\/international-barca-vidal-deja-sur-le-depart\/"},"modified":"2019-04-07T15:14:11","modified_gmt":"2019-04-07T19:14:11","slug":"international-barca-vidal-deja-sur-le-depart","status":"publish","type":"post","link":"https:\/\/linitiative.ca\/International\/international-barca-vidal-deja-sur-le-depart\/","title":{"rendered":"International : Bar\u00e7a : Vidal d\u00e9j\u00e0 sur le d\u00e9part"},"content":{"rendered":"<div readability=\"32\">\n<p>Auteur : <span class=\"time\">dimanche 07 avril 2019 14:30<\/span><\/p>\n<\/div>\n<div id=\"post_core\" readability=\"41\">\n<p>L&rsquo;ancien Bavarois n&rsquo;a semble-t-il pas compl\u00e8tement convaincu le\u00a0\u200bFC Barcelone. Au regard du peu de matchs qu&rsquo;il a d\u00e9but\u00e9 en tant que titulaire. Effectivement, l&rsquo;international Chilien a d\u00e9but\u00e9 seulement 21 rencontres\u00a0toutes comp\u00e9titions confondues. Un d\u00e9part ne serait donc pas \u00e0 exclure, d&rsquo;autant plus que des rumeurs \u00e9voquent des clubs int\u00e9ress\u00e9s. D&rsquo;apr\u00e8s les informations de Fox Sports et 90min.com, le joueur de 31 ans serait sur les tablettes de Boca Junior pour la saison prochaine. Le club argentin serait m\u00eame pr\u00eat \u00e0 d\u00e9bourser 18 millions d&rsquo;euros pour convaincre le\u00a0\u200bFC Barcelone\u00a0d&rsquo;accepter de c\u00e9der son milieu de terrain.\u00a0 Quoi qu&rsquo;il en soit en cas de d\u00e9part, ce\u00a0\u200btransfert\u00a0r\u00e9sonnerait comme un \u00e9chec pour les deux partis. Reste \u00e0 savoir si tout cela se confirme dans les semaines \u00e0 venir.<\/p>\n<p><strong>Publi\u00e9 dans :<\/strong> <span>bar\u00e7a<\/span> <span>Arturo Vidal<\/span><\/p>\n<\/div>\n<p>Auteur:<br \/>\n<a href=\"http:\/\/www.lebuteur.com\/article\/detail?titre=barca-vidal-deja-sur-le-depart&#038;id=87805&#038;utm_source=feedburner&#038;utm_medium=feed&#038;utm_campaign=Feed%3A+GalerieFArtciles+%28Les+derniers+articles++-+lebuteur.com%29\">Cliquez ici pour lire l&rsquo;article depuis sa source.<\/a><\/p>\n","protected":false},"excerpt":{"rendered":"<p>Auteur : dimanche 07 avril 2019 14:30 L&rsquo;ancien Bavarois n&rsquo;a semble-t-il pas compl\u00e8tement convaincu le\u00a0\u200bFC Barcelone. Au regard du peu de matchs qu&rsquo;il a d\u00e9but\u00e9 en tant que titulaire. Effectivement, l&rsquo;international Chilien a d\u00e9but\u00e9 seulement 21 rencontres\u00a0toutes comp\u00e9titions confondues. Un d\u00e9part ne serait donc pas \u00e0 exclure, d&rsquo;autant plus que des rumeurs \u00e9voquent des clubs [&hellip;]<\/p>\n","protected":false},"author":1738,"featured_media":26430,"comment_status":"closed","ping_status":"closed","sticky":false,"template":"","format":"standard","meta":{"fifu_image_url":"","fifu_image_alt":"","footnotes":""},"categories":[53,75],"tags":[],"class_list":["post-26429","post","type-post","status-publish","format-standard","has-post-thumbnail","hentry","category-algerie","category-sport"],"_links":{"self":[{"href":"https:\/\/linitiative.ca\/International\/wp-json\/wp\/v2\/posts\/26429","targetHints":{"allow":["GET"]}}],"collection":[{"href":"https:\/\/linitiative.ca\/International\/wp-json\/wp\/v2\/posts"}],"about":[{"href":"https:\/\/linitiative.ca\/International\/wp-json\/wp\/v2\/types\/post"}],"author":[{"embeddable":true,"href":"https:\/\/linitiative.ca\/International\/wp-json\/wp\/v2\/users\/1738"}],"replies":[{"embeddable":true,"href":"https:\/\/linitiative.ca\/International\/wp-json\/wp\/v2\/comments?post=26429"}],"version-history":[{"count":0,"href":"https:\/\/linitiative.ca\/International\/wp-json\/wp\/v2\/posts\/26429\/revisions"}],"wp:featuredmedia":[{"embeddable":true,"href":"https:\/\/linitiative.ca\/International\/wp-json\/"}],"wp:attachment":[{"href":"https:\/\/linitiative.ca\/International\/wp-json\/wp\/v2\/media?parent=26429"}],"wp:term":[{"taxonomy":"category","embeddable":true,"href":"https:\/\/linitiative.ca\/International\/wp-json\/wp\/v2\/categories?post=26429"},{"taxonomy":"post_tag","embeddable":true,"href":"https:\/\/linitiative.ca\/International\/wp-json\/wp\/v2\/tags?post=26429"}],"curies":[{"name":"wp","href":"https:\/\/api.w.org\/{rel}","templated":true}]}}