{"id":26431,"date":"2019-04-07T15:14:12","date_gmt":"2019-04-07T19:14:12","guid":{"rendered":"https:\/\/linitiative.ca\/International\/international-barcelone-ivan-rakitic-aurait-tranche-pour-son-avenir\/"},"modified":"2019-04-07T15:14:12","modified_gmt":"2019-04-07T19:14:12","slug":"international-barcelone-ivan-rakitic-aurait-tranche-pour-son-avenir","status":"publish","type":"post","link":"https:\/\/linitiative.ca\/International\/international-barcelone-ivan-rakitic-aurait-tranche-pour-son-avenir\/","title":{"rendered":"International : Barcelone : Ivan Rakitic aurait tranch\u00e9 pour son avenir !"},"content":{"rendered":"<div readability=\"32\">\n<p>Auteur : <span class=\"time\">dimanche 07 avril 2019 15:00<\/span><\/p>\n<\/div>\n<div id=\"post_core\" readability=\"47\">\n<p>Cependant, la masse salariale blaugrana ne serait pas au mieux pour proposer un nouveau bail au Croate comme le rappelait Josep Maria Bartomeu \u00e0 ESPN derni\u00e8rement en assurant devoir \u00ab\u00a0maintenir le juste \u00e9quilibre en terme de salaires\u00a0\u00bb. Ayant pris connaissance des propos de son pr\u00e9sident, Rakitic r\u00e9fl\u00e9chirait m\u00fbrement \u00e0 son avenir qui pourrait se dessiner \u00e0 la Juventus.\u00a0<\/p>\n<p>C\u2019est du moins ce qu\u2019explique la Gazzetta dello Sport. D\u2019apr\u00e8s le quotidien transalpin, Ivan Rakitic donnerait sa priorit\u00e9 \u00e0 la Juventus en cas de d\u00e9part du Bar\u00e7a \u00e0 l\u2019intersaison. Le milieu de terrain croate aurait m\u00eame dit \u00ab\u00a0oui\u00a0\u00bb \u00e0 la Vieille Dame, mettant ainsi du c\u00f4t\u00e9 l&rsquo;option\u00a0Inter et les rumeurs l\u2019envoyant en Premier League et \u00e0 Manchester United. Une arriv\u00e9e que le club bianconeri verrait d\u2019un bon \u0153il, puisque le champion d\u2019Italie devrait se s\u00e9parer de Sami Khedira. Reste \u00e0 savoir si le FC Barcelone campera sur ses positions en choisissant de ne pas prolonger Rakitic. Source : Le 10 Sport.com.<\/p>\n<p><strong>Publi\u00e9 dans :<\/strong> <span>bar\u00e7a<\/span> <span>Rakitic<\/span><\/p>\n<\/div>\n<p>Auteur:<br \/>\n<a href=\"http:\/\/www.lebuteur.com\/article\/detail?titre=barcelone-ivan-rakitic-aurait-tranche-pour-son-avenir&#038;id=87806&#038;utm_source=feedburner&#038;utm_medium=feed&#038;utm_campaign=Feed%3A+GalerieFArtciles+%28Les+derniers+articles++-+lebuteur.com%29\">Cliquez ici pour lire l&rsquo;article depuis sa source.<\/a><\/p>\n","protected":false},"excerpt":{"rendered":"<p>Auteur : dimanche 07 avril 2019 15:00 Cependant, la masse salariale blaugrana ne serait pas au mieux pour proposer un nouveau bail au Croate comme le rappelait Josep Maria Bartomeu \u00e0 ESPN derni\u00e8rement en assurant devoir \u00ab\u00a0maintenir le juste \u00e9quilibre en terme de salaires\u00a0\u00bb. Ayant pris connaissance des propos de son pr\u00e9sident, Rakitic r\u00e9fl\u00e9chirait m\u00fbrement [&hellip;]<\/p>\n","protected":false},"author":1738,"featured_media":26432,"comment_status":"closed","ping_status":"closed","sticky":false,"template":"","format":"standard","meta":{"fifu_image_url":"","fifu_image_alt":"","footnotes":""},"categories":[53,75],"tags":[],"class_list":["post-26431","post","type-post","status-publish","format-standard","has-post-thumbnail","hentry","category-algerie","category-sport"],"_links":{"self":[{"href":"https:\/\/linitiative.ca\/International\/wp-json\/wp\/v2\/posts\/26431","targetHints":{"allow":["GET"]}}],"collection":[{"href":"https:\/\/linitiative.ca\/International\/wp-json\/wp\/v2\/posts"}],"about":[{"href":"https:\/\/linitiative.ca\/International\/wp-json\/wp\/v2\/types\/post"}],"author":[{"embeddable":true,"href":"https:\/\/linitiative.ca\/International\/wp-json\/wp\/v2\/users\/1738"}],"replies":[{"embeddable":true,"href":"https:\/\/linitiative.ca\/International\/wp-json\/wp\/v2\/comments?post=26431"}],"version-history":[{"count":0,"href":"https:\/\/linitiative.ca\/International\/wp-json\/wp\/v2\/posts\/26431\/revisions"}],"wp:featuredmedia":[{"embeddable":true,"href":"https:\/\/linitiative.ca\/International\/wp-json\/"}],"wp:attachment":[{"href":"https:\/\/linitiative.ca\/International\/wp-json\/wp\/v2\/media?parent=26431"}],"wp:term":[{"taxonomy":"category","embeddable":true,"href":"https:\/\/linitiative.ca\/International\/wp-json\/wp\/v2\/categories?post=26431"},{"taxonomy":"post_tag","embeddable":true,"href":"https:\/\/linitiative.ca\/International\/wp-json\/wp\/v2\/tags?post=26431"}],"curies":[{"name":"wp","href":"https:\/\/api.w.org\/{rel}","templated":true}]}}