{"id":26444,"date":"2019-04-06T19:00:00","date_gmt":"2019-04-06T23:00:00","guid":{"rendered":"https:\/\/linitiative.ca\/International\/inscriptions-en-1re-annee-et-en-prescolaire-les-parents-ont-jusquau-30-juin-pour-effectuer-cette-procedure\/"},"modified":"2019-04-06T19:00:00","modified_gmt":"2019-04-06T23:00:00","slug":"inscriptions-en-1re-annee-et-en-prescolaire-les-parents-ont-jusquau-30-juin-pour-effectuer-cette-procedure","status":"publish","type":"post","link":"https:\/\/linitiative.ca\/International\/inscriptions-en-1re-annee-et-en-prescolaire-les-parents-ont-jusquau-30-juin-pour-effectuer-cette-procedure\/","title":{"rendered":"inscriptions en 1re ann\u00e9e et en pr\u00e9scolaire :  Les parents ont jusqu\u2019au 30 juin  pour effectuer cette proc\u00e9dure"},"content":{"rendered":"<p>Le dossier \u00e0 fournir comporte un acte de naissance, une copie du certificat de vaccination, deux photos et un justificatif de r\u00e9sidence (quittance de gaz ou d\u2019\u00e9lectricit\u00e9).<\/p>\n<div readability=\"71\">\n<p>Les nouvelles inscriptions en premi\u00e8re ann\u00e9e primaire et en pr\u00e9scolaire au titre de l\u2019ann\u00e9e 2019-2020 ont d\u00e9but\u00e9 dans les diff\u00e9rents \u00e9tablissements scolaires et devront se poursuivre jusqu\u2019\u00e0 la fin du mois de juin prochain.\u00a0<\/p>\n<p>Cette annonce faite par le minist\u00e8re de l\u2019Education nationale fait \u00e9tat, \u00e9galement, de la possibilit\u00e9 accord\u00e9e aux enfants aux besoins sp\u00e9cifiques de s\u2019inscrire dans des \u00e9coles ordinaires. Il est fait obligation aux \u00e9tablissements proches de leur lieu de r\u00e9sidence de les scolariser, sans aucune distinction avec les autres \u00e9l\u00e8ves.\u00a0<\/p>\n<p>L\u2019op\u00e9ration concerne les enfants n\u00e9s entre le 1er janvier et le 31 d\u00e9cembre 2013, pour les inscriptions en premi\u00e8re ann\u00e9e primaire, et les enfants n\u00e9s en 2014 pour le pr\u00e9scolaire.<\/p>\n<p>\u00a0Ainsi, les parents dont les enfants sont \u00e2g\u00e9s au moins de 6 ans et ceux n\u00e9s en 2013 sont invit\u00e9s \u00e0 les inscrire dans l\u2019une des \u00e9coles proches de leur domicile. Les enfants aux besoins sp\u00e9cifiques peuvent \u00eatre inscrits \u00e0 n\u2019importe quelle \u00e9cole qui leur convient.<\/p>\n<p>Pour assurer le bon d\u00e9roulement de cette op\u00e9ration, les directions de l\u2019Education nationale \u00e0 travers le territoire national ont \u00e9t\u00e9 instruites \u00e0 l\u2019effet d\u2019entamer ladite op\u00e9ration, en recevant les dossiers des nouveaux \u00e9l\u00e8ves pour la premi\u00e8re ann\u00e9e primaire et pour le pr\u00e9scolaire, conform\u00e9ment \u00e0 l\u2019\u00e2ge l\u00e9gal, et ce, jusqu\u2019au 30 juin prochain. Le minist\u00e8re de l\u2019Education nationale a insist\u00e9 sur la n\u00e9cessit\u00e9 de respecter le d\u00e9coupage g\u00e9ographique lors des inscriptions pour assurer une meilleure r\u00e9partition des \u00e9l\u00e8ves sur les diff\u00e9rents \u00e9tablissements scolaires, et de r\u00e9unir les conditions n\u00e9cessaires d\u2019une rentr\u00e9e scolaire dont la date a \u00e9t\u00e9 fix\u00e9e, pour rappel, au 4 septembre 2019.\u00a0<\/p>\n<p>A noter que les inscriptions doivent s\u2019effectuer selon l\u2019adresse du domicile, soit le secteur g\u00e9ographique ou le lieu de travail de l\u2019un des parents, en pr\u00e9sentant respectivement les attestations de r\u00e9sidence ou de travail. Les directeurs des \u00e9tablissements scolaires ont \u00e9galement \u00e9t\u00e9 instruits, \u00e0 l\u2019effet d\u2019afficher une note annon\u00e7ant le lancement des inscriptions pour informer les parents sur le contenu du dossier d\u2019inscription constitu\u00e9 d\u2019un acte de naissance, une copie du certificat de vaccination, deux photos et un justificatif de r\u00e9sidence (quittance de gaz ou d\u2019\u00e9lectricit\u00e9).<\/p>\n<p>Le minist\u00e8re a \u00e9galement d\u00e9cid\u00e9, pour la deuxi\u00e8me ann\u00e9e cons\u00e9cutive, de dispenser les parents d\u2019\u00e9l\u00e8ves de la proc\u00e9dure de l\u00e9galisation, par le tuteur l\u00e9gal, du r\u00e8glement int\u00e9rieur aupr\u00e8s des services d\u2019\u00e9tat civil.<\/p>\n<p>\u00a0Le minist\u00e8re a \u00e9galement instruit les directeurs des \u00e9coles sur la n\u00e9cessit\u00e9 de respecter les normes p\u00e9dagogiques, en limitant le nombre d\u2019inscrits en pr\u00e9scolaire \u00e0 25 \u00e9l\u00e8ves par classe et ce, selon les capacit\u00e9s d\u2019accueil de chaque \u00e9tablissement scolaire.\u00a0<\/p>\n<p>En vue d\u2019arr\u00eater les listes d\u00e9finitives des \u00e9l\u00e8ves inscrits en premi\u00e8re ann\u00e9e primaire et en pr\u00e9scolaire, en pr\u00e9vision de la prochaine rentr\u00e9e scolaire, une r\u00e9union des directeurs de l\u2019\u00e9ducation, des chefs d\u2019\u00e9tablissements et des inspecteurs est pr\u00e9vue avant le 17 juillet.<\/p>\n<p><strong>Kam\u00e9lia Hadjib<\/strong><\/p>\n<\/div>\n<p>Auteur: elmoudjahid<br \/>\n<a href=\"http:\/\/www.elmoudjahid.com\/fr\/actualites\/135561\">Cliquez ici pour lire l&rsquo;article depuis sa source.<\/a><\/p>\n","protected":false},"excerpt":{"rendered":"<p>Le dossier \u00e0 fournir comporte un acte de naissance, une copie du certificat de vaccination, deux photos et un justificatif de r\u00e9sidence (quittance de gaz ou d\u2019\u00e9lectricit\u00e9). Les nouvelles inscriptions en premi\u00e8re ann\u00e9e primaire et en pr\u00e9scolaire au titre de l\u2019ann\u00e9e 2019-2020 ont d\u00e9but\u00e9 dans les diff\u00e9rents \u00e9tablissements scolaires et devront se poursuivre jusqu\u2019\u00e0 la [&hellip;]<\/p>\n","protected":false},"author":1744,"featured_media":0,"comment_status":"closed","ping_status":"closed","sticky":false,"template":"","format":"standard","meta":{"fifu_image_url":"","fifu_image_alt":"","footnotes":""},"categories":[73,53],"tags":[],"class_list":["post-26444","post","type-post","status-publish","format-standard","hentry","category-actualite","category-algerie"],"_links":{"self":[{"href":"https:\/\/linitiative.ca\/International\/wp-json\/wp\/v2\/posts\/26444","targetHints":{"allow":["GET"]}}],"collection":[{"href":"https:\/\/linitiative.ca\/International\/wp-json\/wp\/v2\/posts"}],"about":[{"href":"https:\/\/linitiative.ca\/International\/wp-json\/wp\/v2\/types\/post"}],"author":[{"embeddable":true,"href":"https:\/\/linitiative.ca\/International\/wp-json\/wp\/v2\/users\/1744"}],"replies":[{"embeddable":true,"href":"https:\/\/linitiative.ca\/International\/wp-json\/wp\/v2\/comments?post=26444"}],"version-history":[{"count":0,"href":"https:\/\/linitiative.ca\/International\/wp-json\/wp\/v2\/posts\/26444\/revisions"}],"wp:attachment":[{"href":"https:\/\/linitiative.ca\/International\/wp-json\/wp\/v2\/media?parent=26444"}],"wp:term":[{"taxonomy":"category","embeddable":true,"href":"https:\/\/linitiative.ca\/International\/wp-json\/wp\/v2\/categories?post=26444"},{"taxonomy":"post_tag","embeddable":true,"href":"https:\/\/linitiative.ca\/International\/wp-json\/wp\/v2\/tags?post=26444"}],"curies":[{"name":"wp","href":"https:\/\/api.w.org\/{rel}","templated":true}]}}