{"id":26445,"date":"2019-04-06T19:00:00","date_gmt":"2019-04-06T23:00:00","guid":{"rendered":"https:\/\/linitiative.ca\/International\/khenchela-plus-de-15-000-personnes-alphabetisees\/"},"modified":"2019-04-06T19:00:00","modified_gmt":"2019-04-06T23:00:00","slug":"khenchela-plus-de-15-000-personnes-alphabetisees","status":"publish","type":"post","link":"https:\/\/linitiative.ca\/International\/khenchela-plus-de-15-000-personnes-alphabetisees\/","title":{"rendered":"Khenchela :  Plus de 15.000 personnes alphab\u00e9tis\u00e9es"},"content":{"rendered":"<p>\u00a0Le nombre de personnes sauv\u00e9es du spectre de l\u2019analphab\u00e9tisme dans la wilaya de Khenchela depuis l\u2019ann\u00e9e 2007 a d\u00e9pass\u00e9 15.000 apprenants, a indiqu\u00e9 le responsable de la section de wilaya de l\u2019Office national d\u2019alphab\u00e9tisation et d\u2019enseignement des adultes (ONAEA), Djamel Hekar.\u00a0<\/p>\n<p>\u00abCe nombre des promus des classes d\u2019alphab\u00e9tisation a permis de diminuer le taux d\u2019illettrisme \u00e0 travers l\u2019ensemble des communes de cette r\u00e9gion, notamment concernant la cat\u00e9gorie des femmes qui enregistre une affluence \u00e0 ce type de classes\u00bb, a pr\u00e9cis\u00e9 \u00e0 l\u2019APS le m\u00eame responsable.\u00a0<\/p>\n<p>Il a dans ce sens d\u00e9taill\u00e9 que le nombre des inscrits dans les classes d\u2019alphab\u00e9tisation, au titre de la saison scolaire en cours, a atteint 4.110 personnes dont 2.280 femmes, ajoute le directeur local de l\u2019ONAEA, relevant qu\u2019un programme portant ouverture de classes suppl\u00e9mentaires \u00e0 travers les mosqu\u00e9es et les diff\u00e9rentes structures de jeunesse a \u00e9t\u00e9 initi\u00e9 au d\u00e9but de cette ann\u00e9e par l\u2019annexe locale de cet office avec la collaboration de plusieurs partenaires sociaux, en l\u2019occurrence l\u2019association Iqraa, les Scouts musulmans alg\u00e9riens et l\u2019association \u00abKafil yatim\u00bb.\u00a0<\/p>\n<p>Pas moins de 201 nouvelles classes ont \u00e9t\u00e9 ouvertes cette ann\u00e9e par l\u2019annexe locale de cet office dans 21 communes de la wilaya dont 35 dans les zones rurales, 43 en milieu suburbain, tandis que 123 autres ont \u00e9t\u00e9 ouvertes dans les agglom\u00e9rations urbaines, a-t-il d\u00e9taill\u00e9. En mati\u00e8re d\u2019encadrement, la m\u00eame source a fait savoir que 153 enseignants ont \u00e9t\u00e9 mobilis\u00e9s dans la wilaya, au titre de la saison scolaire en cours, soit un encadreur pour deux groupes, dont chacun englobe 20 apprenants.\u00a0<\/p>\n<p>Auteur: elmoudjahid<br \/>\n<a href=\"http:\/\/www.elmoudjahid.com\/fr\/actualites\/135562\">Cliquez ici pour lire l&rsquo;article depuis sa source.<\/a><\/p>\n","protected":false},"excerpt":{"rendered":"<p>\u00a0Le nombre de personnes sauv\u00e9es du spectre de l\u2019analphab\u00e9tisme dans la wilaya de Khenchela depuis l\u2019ann\u00e9e 2007 a d\u00e9pass\u00e9 15.000 apprenants, a indiqu\u00e9 le responsable de la section de wilaya de l\u2019Office national d\u2019alphab\u00e9tisation et d\u2019enseignement des adultes (ONAEA), Djamel Hekar.\u00a0 \u00abCe nombre des promus des classes d\u2019alphab\u00e9tisation a permis de diminuer le taux d\u2019illettrisme [&hellip;]<\/p>\n","protected":false},"author":1744,"featured_media":0,"comment_status":"closed","ping_status":"closed","sticky":false,"template":"","format":"standard","meta":{"fifu_image_url":"","fifu_image_alt":"","footnotes":""},"categories":[73,53],"tags":[],"class_list":["post-26445","post","type-post","status-publish","format-standard","hentry","category-actualite","category-algerie"],"_links":{"self":[{"href":"https:\/\/linitiative.ca\/International\/wp-json\/wp\/v2\/posts\/26445","targetHints":{"allow":["GET"]}}],"collection":[{"href":"https:\/\/linitiative.ca\/International\/wp-json\/wp\/v2\/posts"}],"about":[{"href":"https:\/\/linitiative.ca\/International\/wp-json\/wp\/v2\/types\/post"}],"author":[{"embeddable":true,"href":"https:\/\/linitiative.ca\/International\/wp-json\/wp\/v2\/users\/1744"}],"replies":[{"embeddable":true,"href":"https:\/\/linitiative.ca\/International\/wp-json\/wp\/v2\/comments?post=26445"}],"version-history":[{"count":0,"href":"https:\/\/linitiative.ca\/International\/wp-json\/wp\/v2\/posts\/26445\/revisions"}],"wp:attachment":[{"href":"https:\/\/linitiative.ca\/International\/wp-json\/wp\/v2\/media?parent=26445"}],"wp:term":[{"taxonomy":"category","embeddable":true,"href":"https:\/\/linitiative.ca\/International\/wp-json\/wp\/v2\/categories?post=26445"},{"taxonomy":"post_tag","embeddable":true,"href":"https:\/\/linitiative.ca\/International\/wp-json\/wp\/v2\/tags?post=26445"}],"curies":[{"name":"wp","href":"https:\/\/api.w.org\/{rel}","templated":true}]}}