{"id":26446,"date":"2019-04-06T19:00:00","date_gmt":"2019-04-06T23:00:00","guid":{"rendered":"https:\/\/linitiative.ca\/International\/structures-de-jeunesse-inculquer-la-culture-environnementale\/"},"modified":"2019-04-06T19:00:00","modified_gmt":"2019-04-06T23:00:00","slug":"structures-de-jeunesse-inculquer-la-culture-environnementale","status":"publish","type":"post","link":"https:\/\/linitiative.ca\/International\/structures-de-jeunesse-inculquer-la-culture-environnementale\/","title":{"rendered":"Structures de jeunesse :  Inculquer la culture  environnementale"},"content":{"rendered":"<div class=\"TxArtcile\" readability=\"39\">\n<p>Une sortie de d\u00e9tente et de d\u00e9couverte au site touristique du barrage \u00abSarno\u00bb de la ville de Sidi Bel Abbes a \u00e9t\u00e9 organis\u00e9e hier au profit de 1.500 enfants et jeunes issus de plusieurs communes de la wilaya.\u00a0<\/p>\n<p>Cette visite de d\u00e9tente et de d\u00e9couverte de la nature, organis\u00e9e sous le signe \u00abUne journ\u00e9e \u00e0 l\u2019air libre\u00bb \u00e0 l\u2019occasion de la fin des vacances de printemps, se voulait une r\u00e9ponse \u00e0 l\u2019appel des enfants et des jeunes de diff\u00e9rentes tranches d\u2019\u00e2ge adh\u00e9rents \u00e0 des structures de jeunesse et des sports de proximit\u00e9 de la wilaya, a indiqu\u00e9 le pr\u00e9sident du mouvement associatif et de jeunesse aupr\u00e8s de la Direction locale de la jeunesse et des sports, initiatrice de cet \u00e9v\u00e8nement. Amine Bouhend a expliqu\u00e9 que cette initiative comprend une large campagne de nettoiement de l\u2019environnement de ce site touristique, avec le concours de plusieurs intervenants et associations locales, tout en insistant sur le nettoyage du couvert v\u00e9g\u00e9tal qui entoure ce barrage dans sa partie ext\u00e9rieure, ainsi qu\u2019un programme d\u2019activit\u00e9s alliant musique, th\u00e9\u00e2tre de plein air, spectacles folkloriques et dessins, anim\u00e9es par des coop\u00e9ratives et des associations locales, dans cet \u00e9crin de nature insolite, au grand bonheur des enfants. L&rsquo;objectif vise \u00e0 faire conna\u00eetre aux enfants ce lieu de vill\u00e9giature et de d\u00e9tente et d\u2019inculquer \u00e0 ces \u00e9colos en herbe la culture environnementale et, surtout, leur apprendre \u00e0 vivre dans un endroit propre pour se sentir en harmonie avec dame- nature, a ajout\u00e9 le m\u00eame responsable.\u00a0<\/p>\n<p>Pour sa part, le pr\u00e9sident de l\u2019association \u00abMoulay Slissen\u00bb a lou\u00e9 ce genre d\u2019initiatives, expliquant l\u2019importance de cette rencontre pour les enfants ayant particip\u00e9 \u00e0 cette sortie, notamment ceux qui d\u00e9couvrent pour la premi\u00e8re fois ce site touristique, assurant que cet espace de d\u00e9tente constitue une occasion pour ces bambins de se conna\u00eetre, et pour les jeunes adh\u00e9rents et les encadreurs des diff\u00e9rentes associations d\u2019\u00e9changer leurs exp\u00e9riences. Les enfants ont exprim\u00e9 leur joie au cours de cette sortie de d\u00e9couverte qui leur a permis de jouer en pleine nature. Le froid ne les a pas d\u00e9courag\u00e9s pour passer de joyeux moments et profiter des bienfaits de la nature.<\/p>\n<\/div>\n<div class=\"ModliArtilUne\">\n<ul>\n<li><strong>Publi\u00e9 dans :<\/strong><\/li>\n<\/ul>\n<\/div>\n<div class=\"MbComIns\" id=\"newcom\" readability=\"5.69402985075\">\n<h6>DONNEZ VOTRE AVIS<\/h6>\n<p>Il n&rsquo;y a actuellement aucune r\u00e9action \u00e0 cette information. Soyez le premier \u00e0 r\u00e9agir !<\/p>\n<p><a href=\"\" rel=\"#popup\" class=\"login resetbutton\">Identifiez-vous<\/a><a class=\"button\" href=\"http:\/\/www.elmoudjahid.com\/fr\/inscription\/\"><span>S&rsquo;inscrire<\/span><\/a><\/p>\n<\/div>\n<p>Auteur: elmoudjahid<br \/>\n<a href=\"http:\/\/www.elmoudjahid.com\/fr\/actualites\/135563\">Cliquez ici pour lire l&rsquo;article depuis sa source.<\/a><\/p>\n","protected":false},"excerpt":{"rendered":"<p>Une sortie de d\u00e9tente et de d\u00e9couverte au site touristique du barrage \u00abSarno\u00bb de la ville de Sidi Bel Abbes a \u00e9t\u00e9 organis\u00e9e hier au profit de 1.500 enfants et jeunes issus de plusieurs communes de la wilaya.\u00a0 Cette visite de d\u00e9tente et de d\u00e9couverte de la nature, organis\u00e9e sous le signe \u00abUne journ\u00e9e \u00e0 [&hellip;]<\/p>\n","protected":false},"author":1744,"featured_media":0,"comment_status":"closed","ping_status":"closed","sticky":false,"template":"","format":"standard","meta":{"fifu_image_url":"","fifu_image_alt":"","footnotes":""},"categories":[73,53],"tags":[],"class_list":["post-26446","post","type-post","status-publish","format-standard","hentry","category-actualite","category-algerie"],"_links":{"self":[{"href":"https:\/\/linitiative.ca\/International\/wp-json\/wp\/v2\/posts\/26446","targetHints":{"allow":["GET"]}}],"collection":[{"href":"https:\/\/linitiative.ca\/International\/wp-json\/wp\/v2\/posts"}],"about":[{"href":"https:\/\/linitiative.ca\/International\/wp-json\/wp\/v2\/types\/post"}],"author":[{"embeddable":true,"href":"https:\/\/linitiative.ca\/International\/wp-json\/wp\/v2\/users\/1744"}],"replies":[{"embeddable":true,"href":"https:\/\/linitiative.ca\/International\/wp-json\/wp\/v2\/comments?post=26446"}],"version-history":[{"count":0,"href":"https:\/\/linitiative.ca\/International\/wp-json\/wp\/v2\/posts\/26446\/revisions"}],"wp:attachment":[{"href":"https:\/\/linitiative.ca\/International\/wp-json\/wp\/v2\/media?parent=26446"}],"wp:term":[{"taxonomy":"category","embeddable":true,"href":"https:\/\/linitiative.ca\/International\/wp-json\/wp\/v2\/categories?post=26446"},{"taxonomy":"post_tag","embeddable":true,"href":"https:\/\/linitiative.ca\/International\/wp-json\/wp\/v2\/tags?post=26446"}],"curies":[{"name":"wp","href":"https:\/\/api.w.org\/{rel}","templated":true}]}}