{"id":26459,"date":"2019-04-07T07:25:41","date_gmt":"2019-04-07T11:25:41","guid":{"rendered":"https:\/\/linitiative.ca\/International\/87747-la-natation-algerienne-marque-des-points-dans-le-circuit-international\/"},"modified":"2019-04-07T07:25:41","modified_gmt":"2019-04-07T11:25:41","slug":"87747-la-natation-algerienne-marque-des-points-dans-le-circuit-international","status":"publish","type":"post","link":"https:\/\/linitiative.ca\/International\/87747-la-natation-algerienne-marque-des-points-dans-le-circuit-international\/","title":{"rendered":"La natation alg\u00e9rienne marque des points dans le circuit international"},"content":{"rendered":"<div>\n<div class=\"K2FeedImage\"><img decoding=\"async\" src=\"http:\/\/www.aps.dz\/media\/k2\/items\/cache\/d4d2b1a52025d72d5b34468f1f0e1ca2_S.jpg\" alt=\"La natation alg\u00e9rienne marque des points dans le circuit international\"><\/div>\n<div class=\"K2FeedIntroText\">\n<p>ALGER &#8211; La natation alg\u00e9rienne a pris du galon dans le circuit mondial de la discipline, apr\u00e8s que la F\u00e9d\u00e9ration internationale (FINA) a inscrit le championnat d&rsquo;Alg\u00e9rie Open (29 juin-3 juillet) comme comp\u00e9tition qualificative aux Jeux olympiques-2020 de Tokyo, outre le renforcement de la repr\u00e9sentation alg\u00e9rienne au sein des instances r\u00e9gionale, continentale et internationale.<\/p>\n<\/div>\n<div class=\"K2FeedFullText\">\n<blockquote>\n<p><em><strong>Une premi\u00e8re dans les annales de la natation alg\u00e9rienne : le prochain championnat national d&rsquo;\u00e9t\u00e9 en grand bassin sera une \u00e9tape qualificative pour les JO-2020 aussi bien pour les athl\u00e8tes alg\u00e9riens que pour les nageurs \u00e9trangers en qu\u00eate des minima de qualification A et B<\/strong><\/em>.<\/p>\n<\/blockquote>\n<p>Parmi les motifs ayant amen\u00e9 la FINA \u00e0 prendre cette d\u00e9cision, le pr\u00e9sident de la F\u00e9d\u00e9ration alg\u00e9rienne de natation (FAN), Mohamed Hakim Boughadou, cite \u00ab\u00a0l&rsquo;impact positif\u00a0\u00bb qu&rsquo;a eu le 13e championnat d&rsquo;Afrique Open organis\u00e9 en septembre 2018 au niveau de la piscine olympique du complexe Mohamed-Boudiaf (Alger), \u00ab\u00a0retap\u00e9e \u00e0 neuf \u00e0 l&rsquo;occasion des 3es Jeux africains de la jeunesse\u00a0\u00bb, outre l&rsquo;utilisation d&rsquo;un \u00ab\u00a0mat\u00e9riel sophistiqu\u00e9 aux normes\u00a0 internationales\u00a0\u00bb.<\/p>\n<p>Sur le plan technique, Boughadou a indiqu\u00e9 \u00e0 l&rsquo;APS que la FINA a \u00e9galement pris en ligne de compte le fait que l&rsquo;Alg\u00e9rie dispose de neuf arbitres internationaux, promus \u00e0 la faveur du programme de formation de la FAN, rendant ainsi possible l&rsquo;organisation d&rsquo;une comp\u00e9tition suivant les normes mondiales\u00a0\u00bb.<\/p>\n<hr>\n<p><a href=\"http:\/\/www.aps.dz\/sport\/86130-natation-les-championnats-maghrebin-et-d-afrique-jeunes-du-1-au-4-mai-a-alger\">Lire aussi: Natation : les Championnats maghr\u00e9bin et d&rsquo;Afrique jeunes du 1 au 4 mai \u00e0 Alger<\/a><\/p>\n<hr>\n<p>Evoquant les retomb\u00e9es b\u00e9n\u00e9fiques pour la natation alg\u00e9rienne apr\u00e8s l&rsquo;inscription du championnat national Open dans le calendrier de la FINA, le pr\u00e9sident de la FAN a estim\u00e9 que cette comp\u00e9tition constituera \u00ab\u00a0une \u00e9tape importante pour les nageurs alg\u00e9riens, car elle leur offre l&rsquo;opportunit\u00e9, face \u00e0 une rude concurrence, de hisser leur niveau tout en visant la r\u00e9alisation des minima olympiques\u00a0\u00bb.<\/p>\n<p>Pour Boughadou, cette nouvelle donne va \u00ab\u00a0booster la natation alg\u00e9rienne sur le plan international\u00a0\u00bb, sans compter l'\u00a0\u00bbacquisition, gr\u00e2ce \u00e0 ce genre de comp\u00e9titions, de nouvelles sources de revenues susceptibles d&rsquo;\u00eatre utilis\u00e9es par la f\u00e9d\u00e9ration dans la r\u00e9alisation d&rsquo;objectifs plus grands\u00a0\u00bb.<\/p>\n<p>\u00a0<\/p>\n<p><strong>&#8211;L&rsquo;Alg\u00e9rie en force dans les instances internationales&#8211;<\/strong><\/p>\n<p>\u00a0<\/p>\n<p>Par ailleurs, plusieurs cadres alg\u00e9riens en natation ont r\u00e9ussi \u00e0 int\u00e9grer diverses instances internationales au cours des derni\u00e8res ann\u00e9es, comme entra\u00eeneurs, dirigeants, arbitres ou m\u00e9decins.<\/p>\n<p>Parmi eux, l&rsquo;ancien pr\u00e9sident de la FAN, Ahmed Chebaraka, membre du bureau ex\u00e9cutif de la Conf\u00e9d\u00e9ration africaine de la discipline (CANA).<\/p>\n<p>Une instance au sein de laquelle son compatriote, le Professeur Mohamed Yahia-Ch\u00e9rif dirige la commission m\u00e9dicale, tout en \u00e9tant membre de la m\u00eame commission au sein de la FINA.<\/p>\n<blockquote>\n<p><em><strong>De son c\u00f4t\u00e9, Me Farid Benbelkacem est membre de la commission antidopage au sein de la FINA, au moment o\u00f9 six de ses compatriotes occupent des postes techniques au sein de la CANA, \u00e0 savoir : Brahim Asloum (commission Natation), Badreddine Boukezouha (water-polo), Redouane Mohamed-Salah (plongeon), Mohamed Djellal (natation synchronis\u00e9e), Riad Mourad (eau libre) et Ali Ikhlef qui, outre son poste de vice-pr\u00e9sident de l&rsquo;Union arabe de la discipline, dirige la commission Masters au sein de la CANA.<\/strong><\/em><\/p>\n<\/blockquote>\n<p>Par ailleurs, le pr\u00e9sident de la F\u00e9d\u00e9ration alg\u00e9rienne de natation a proc\u00e9d\u00e9 derni\u00e8rement \u00e0 la r\u00e9activation de l&rsquo;Union maghr\u00e9bine de la discipline apr\u00e8s un gel d&rsquo;environ 15 ans. Il en a \u00e9t\u00e9 \u00e9lu pr\u00e9sident pour un mandat de quatre ans, \u00e0 l&rsquo;occasion du dernier championnat d&rsquo;Afrique, tandis qu&rsquo;un autre Alg\u00e9rien, Djafar Benzerroug, a \u00e9t\u00e9 d\u00e9sign\u00e9 secr\u00e9taire g\u00e9n\u00e9ral.<\/p>\n<p>Des dirigeants qui marchent sur les pas du \u00ab\u00a0doyen\u00a0\u00bb Mustapha Larfaoui, patron de la FINA\u00a0 pendant cinq mandats cons\u00e9cutifs, entre 1988 et 2009.<\/p>\n<p>Une premi\u00e8re historique pour l&rsquo;instance, car jamais personne avant Larfaoui (85 ans) n&rsquo;avait dirig\u00e9 la FINA pendant aussi longtemps, ce qui lui a valu par la suite d&rsquo;\u00eatre d\u00e9sign\u00e9 comme \u00ab\u00a0pr\u00e9sident d&rsquo;honneur \u00e0 vie\u00a0\u00bb, y compris au sein de la CANA.<\/p>\n<p>Au volet de l&rsquo;arbitrage, quatre Alg\u00e9riens ont obtenu au mois de mars dernier le badge international apr\u00e8s avoir \u00e9t\u00e9 choisis parmi un total de 20 candidats. Il s&rsquo;agit de Redouane Ayad, Sid-ali M&rsquo;barek, Tayeb Bouras et Sarah Abed, qui jouiront de ce statut pour la p\u00e9riode allant du 1er janvier 2019 au 31 d\u00e9cembre 2022.<\/p>\n<p>Un important succ\u00e8s sur le plan international que le pr\u00e9sident de la F\u00e9d\u00e9ration alg\u00e9rienne, Hakim Boughadou, a promis d&rsquo;entretenir \u00e0 tous les niveaux, en s&rsquo;appliquant \u00e0 tisser de bonnes relations avec les diff\u00e9rentes instances de la discipline.<\/p>\n<p>Ce succ\u00e8s reste cependant \u00e0 parfaire chez les athl\u00e8tes \u00e0 travers la formation de nouveaux jeunes talents capables d&rsquo;hisser haut l&rsquo;\u00e9tendard national et de gagner des titres au niveau mondial.<\/p>\n<p>\u00a0<\/p>\n<\/div>\n<p><img loading=\"lazy\" decoding=\"async\" src=\"http:\/\/feeds.feedburner.com\/~r\/aps-sport\/~4\/FuyEIahMvjY\" height=\"1\" width=\"1\" alt=\"\"><\/div>\n<p>Auteur:<br \/>\n<a href=\"http:\/\/www.aps.dz\/sport\/87747-la-natation-algerienne-marque-des-points-dans-le-circuit-international?utm_source=feedburner&#038;utm_medium=feed&#038;utm_campaign=Feed%3A+aps-sport+%28APS+-+SPORT%29\">Cliquez ici pour lire l&rsquo;article depuis sa source.<\/a><\/p>\n","protected":false},"excerpt":{"rendered":"<p>ALGER &#8211; La natation alg\u00e9rienne a pris du galon dans le circuit mondial de la discipline, apr\u00e8s que la F\u00e9d\u00e9ration internationale (FINA) a inscrit le championnat d&rsquo;Alg\u00e9rie Open (29 juin-3 juillet) comme comp\u00e9tition qualificative aux Jeux olympiques-2020 de Tokyo, outre le renforcement de la repr\u00e9sentation alg\u00e9rienne au sein des instances r\u00e9gionale, continentale et internationale. Une [&hellip;]<\/p>\n","protected":false},"author":1790,"featured_media":26460,"comment_status":"closed","ping_status":"closed","sticky":false,"template":"","format":"standard","meta":{"fifu_image_url":"","fifu_image_alt":"","footnotes":""},"categories":[53,75],"tags":[],"class_list":["post-26459","post","type-post","status-publish","format-standard","has-post-thumbnail","hentry","category-algerie","category-sport"],"_links":{"self":[{"href":"https:\/\/linitiative.ca\/International\/wp-json\/wp\/v2\/posts\/26459","targetHints":{"allow":["GET"]}}],"collection":[{"href":"https:\/\/linitiative.ca\/International\/wp-json\/wp\/v2\/posts"}],"about":[{"href":"https:\/\/linitiative.ca\/International\/wp-json\/wp\/v2\/types\/post"}],"author":[{"embeddable":true,"href":"https:\/\/linitiative.ca\/International\/wp-json\/wp\/v2\/users\/1790"}],"replies":[{"embeddable":true,"href":"https:\/\/linitiative.ca\/International\/wp-json\/wp\/v2\/comments?post=26459"}],"version-history":[{"count":0,"href":"https:\/\/linitiative.ca\/International\/wp-json\/wp\/v2\/posts\/26459\/revisions"}],"wp:featuredmedia":[{"embeddable":true,"href":"https:\/\/linitiative.ca\/International\/wp-json\/"}],"wp:attachment":[{"href":"https:\/\/linitiative.ca\/International\/wp-json\/wp\/v2\/media?parent=26459"}],"wp:term":[{"taxonomy":"category","embeddable":true,"href":"https:\/\/linitiative.ca\/International\/wp-json\/wp\/v2\/categories?post=26459"},{"taxonomy":"post_tag","embeddable":true,"href":"https:\/\/linitiative.ca\/International\/wp-json\/wp\/v2\/tags?post=26459"}],"curies":[{"name":"wp","href":"https:\/\/api.w.org\/{rel}","templated":true}]}}