{"id":26467,"date":"2019-04-07T10:01:24","date_gmt":"2019-04-07T14:01:24","guid":{"rendered":"https:\/\/linitiative.ca\/International\/87756-karate-do-championnats-mediterraneen-7-medailles-pour-l-algerie-dont-une-en-or\/"},"modified":"2019-04-07T10:01:24","modified_gmt":"2019-04-07T14:01:24","slug":"87756-karate-do-championnats-mediterraneen-7-medailles-pour-l-algerie-dont-une-en-or","status":"publish","type":"post","link":"https:\/\/linitiative.ca\/International\/87756-karate-do-championnats-mediterraneen-7-medailles-pour-l-algerie-dont-une-en-or\/","title":{"rendered":"Karat\u00e9-do\/ Championnats m\u00e9diterran\u00e9en : 7 m\u00e9dailles pour l&rsquo;Alg\u00e9rie dont une en or"},"content":{"rendered":"<div>\n<div class=\"K2FeedImage\"><img decoding=\"async\" src=\"http:\/\/www.aps.dz\/media\/k2\/items\/cache\/bb7b27f0d46cf7be42e4e23ba50c74a2_S.jpg\" alt=\"Karat\u00e9-do\/ Championnats m\u00e9diterran\u00e9en : 7 m\u00e9dailles pour l'Alg\u00e9rie dont une en or\"><\/div>\n<div class=\"K2FeedIntroText\">\n<p>ISTANBUL &#8211; La karat\u00e9ka Rayane Slakdji a offert \u00e0 l&rsquo;Alg\u00e9rie ses sixi\u00e8me et septi\u00e8me m\u00e9dailles aux Championnats m\u00e9diterran\u00e9ens (cadets, juniors, espoirs) qui se d\u00e9roulent actuellement \u00e0 Antalya (Turquie), en remportant deux bronze (kata \/ kumit\u00e9), lors de la deuxi\u00e8me journ\u00e9e de comp\u00e9tition, dimanche.<\/p>\n<\/div>\n<div class=\"K2FeedFullText\">\n<p>Un peu plus t\u00f4t dans la matin\u00e9e, sa compatriote Amira Abdelatif avait d\u00e9croch\u00e9 la m\u00e9daille d&rsquo;argent chez les moins de 61 kg, embo\u00eetant ainsi le pas \u00e0 Rami Amari (-55 kg), qui avait d\u00e9croch\u00e9 la m\u00e9daille d&rsquo;or lors de la premi\u00e8re journ\u00e9e, disput\u00e9e samedi, et ayant vu ses compatriotes Yanis Halassa (-51 kg) et Baha-Eddine Zitouni (-76 kg) remporter l&rsquo;argent.<\/p>\n<p>Une moisson bonifi\u00e9e par une autre m\u00e9daille en bronze, d\u00e9croch\u00e9e \u00e9galement lors de la premi\u00e8re journ\u00e9e par Yanis Tas (-55 kg).<\/p>\n<\/div>\n<p><img loading=\"lazy\" decoding=\"async\" src=\"http:\/\/feeds.feedburner.com\/~r\/aps-sport\/~4\/wgHm4toGb2A\" height=\"1\" width=\"1\" alt=\"\"><\/div>\n<p>Auteur:<br \/>\n<a href=\"http:\/\/www.aps.dz\/sport\/87756-karate-do-championnats-mediterraneen-7-medailles-pour-l-algerie-dont-une-en-or?utm_source=feedburner&#038;utm_medium=feed&#038;utm_campaign=Feed%3A+aps-sport+%28APS+-+SPORT%29\">Cliquez ici pour lire l&rsquo;article depuis sa source.<\/a><\/p>\n","protected":false},"excerpt":{"rendered":"<p>ISTANBUL &#8211; La karat\u00e9ka Rayane Slakdji a offert \u00e0 l&rsquo;Alg\u00e9rie ses sixi\u00e8me et septi\u00e8me m\u00e9dailles aux Championnats m\u00e9diterran\u00e9ens (cadets, juniors, espoirs) qui se d\u00e9roulent actuellement \u00e0 Antalya (Turquie), en remportant deux bronze (kata \/ kumit\u00e9), lors de la deuxi\u00e8me journ\u00e9e de comp\u00e9tition, dimanche. Un peu plus t\u00f4t dans la matin\u00e9e, sa compatriote Amira Abdelatif avait [&hellip;]<\/p>\n","protected":false},"author":1790,"featured_media":26468,"comment_status":"closed","ping_status":"closed","sticky":false,"template":"","format":"standard","meta":{"fifu_image_url":"","fifu_image_alt":"","footnotes":""},"categories":[53,75],"tags":[],"class_list":["post-26467","post","type-post","status-publish","format-standard","has-post-thumbnail","hentry","category-algerie","category-sport"],"_links":{"self":[{"href":"https:\/\/linitiative.ca\/International\/wp-json\/wp\/v2\/posts\/26467","targetHints":{"allow":["GET"]}}],"collection":[{"href":"https:\/\/linitiative.ca\/International\/wp-json\/wp\/v2\/posts"}],"about":[{"href":"https:\/\/linitiative.ca\/International\/wp-json\/wp\/v2\/types\/post"}],"author":[{"embeddable":true,"href":"https:\/\/linitiative.ca\/International\/wp-json\/wp\/v2\/users\/1790"}],"replies":[{"embeddable":true,"href":"https:\/\/linitiative.ca\/International\/wp-json\/wp\/v2\/comments?post=26467"}],"version-history":[{"count":0,"href":"https:\/\/linitiative.ca\/International\/wp-json\/wp\/v2\/posts\/26467\/revisions"}],"wp:featuredmedia":[{"embeddable":true,"href":"https:\/\/linitiative.ca\/International\/wp-json\/"}],"wp:attachment":[{"href":"https:\/\/linitiative.ca\/International\/wp-json\/wp\/v2\/media?parent=26467"}],"wp:term":[{"taxonomy":"category","embeddable":true,"href":"https:\/\/linitiative.ca\/International\/wp-json\/wp\/v2\/categories?post=26467"},{"taxonomy":"post_tag","embeddable":true,"href":"https:\/\/linitiative.ca\/International\/wp-json\/wp\/v2\/tags?post=26467"}],"curies":[{"name":"wp","href":"https:\/\/api.w.org\/{rel}","templated":true}]}}