{"id":26478,"date":"2019-04-07T13:32:00","date_gmt":"2019-04-07T17:32:00","guid":{"rendered":"https:\/\/linitiative.ca\/International\/des-deputes-menacent-de-bloquer-son-installation-vers-une-transition-sans-bensalah\/"},"modified":"2019-04-07T13:32:00","modified_gmt":"2019-04-07T17:32:00","slug":"des-deputes-menacent-de-bloquer-son-installation-vers-une-transition-sans-bensalah","status":"publish","type":"post","link":"https:\/\/linitiative.ca\/International\/des-deputes-menacent-de-bloquer-son-installation-vers-une-transition-sans-bensalah\/","title":{"rendered":"DES DEPUTES MENACENT DE BLOQUER SON INSTALLATION : Vers une transition sans Bensalah ?!"},"content":{"rendered":"<p><br id=\"sep_para_1\" class=\"sep_para access\"\/><\/p>\n<div id=\"para_1\" class=\"para_30233047 resize\">\n<div class=\"photo shadow left\"><a href=\"javascript:void(0)\" rel=\"https:\/\/www.reflexiondz.net\/photo\/art\/grande\/32434278-30233047.jpg?v=1554666767&#038;ibox\" title=\"DES DEPUTES MENACENT DE BLOQUER SON INSTALLATION : Vers une transition sans Bensalah ?!\"><img decoding=\"async\" class=\"responsive c9\" src=\"https:\/\/www.reflexiondz.net\/photo\/art\/grande\/32434278-30233047.jpg?v=1554666767\" alt=\"DES DEPUTES MENACENT DE BLOQUER SON INSTALLATION : Vers une transition sans Bensalah ?!\" title=\"DES DEPUTES MENACENT DE BLOQUER SON INSTALLATION : Vers une transition sans Bensalah ?!\"\/><img decoding=\"async\" class=\"not-responsive\" src=\"https:\/\/www.reflexiondz.net\/photo\/art\/default\/32434278-30233047.jpg?v=1554666769\" alt=\"DES DEPUTES MENACENT DE BLOQUER SON INSTALLATION : Vers une transition sans Bensalah ?!\" title=\"DES DEPUTES MENACENT DE BLOQUER SON INSTALLATION : Vers une transition sans Bensalah ?!\"\/><\/a><\/div>\n<div class=\"texte access firstletter\">Les d\u00e9put\u00e9s contestataires refusent la pr\u00e9sence des membres du gouvernement ainsi que celle du Premier ministre, Nouredine Bedoui \u00e0 cette s\u00e9ance, pr\u00e9vue mardi prochain. Ils ont expliqu\u00e9 que la pr\u00e9sence du gouvernement \u00e0 cette s\u00e9ance, signifie qu\u2019ils le cautionnent et qu\u2019ils l\u2019acceptent. Un gouvernement qui est rejet\u00e9 par les Alg\u00e9riens, lesquels ont appel\u00e9 au d\u00e9part de Bedoui et de ses ministres. La r\u00e9union des deux chambres du Parlement pour d\u00e9clarer la vacance d\u00e9finitive du pouvoir et d\u00e9signer le Pr\u00e9sident int\u00e9rimaire s\u2019annonce d\u2019ores et d\u00e9j\u00e0 difficile. Totalement rejet\u00e9 par les Alg\u00e9riens, sortis massivement pour le septi\u00e8me vendredi de suite, ce mode de d\u00e9signation du Pr\u00e9sident int\u00e9rimaire pr\u00e9vu par la Constitution ne va pas r\u00e9gler la crise en ce sens qu\u2019il permettra \u00e0 des figures symbolisant l\u2019\u00e8re de Bouteflika d\u2019\u00eatre aux manettes de la p\u00e9riode de transition. Chose totalement refus\u00e9e par la rue mais aussi par les partis et personnalit\u00e9s de l\u2019opposition. M\u00eame ceux qui soutenaient la proposition du chef de l\u2019\u00e9tat-major de l\u2019ANP d\u2019appliquer l\u2019article 102 de la Constitution demandent aujourd\u2019hui de se limiter \u00e0 la d\u00e9claration de la vacance d\u00e9finitive du pouvoir et de sortir ensuite du cadre strictement constitutionnel pour suivre et r\u00e9pondre \u00e0 la volont\u00e9 populaire d\u2019aller vers la rupture totale avec le syst\u00e8me. Le rejet donc de toute d\u00e9signation du Pr\u00e9sident int\u00e9rimaire \u00e0 travers le Parlement risque de brouiller les cartes au chef de l\u2019\u00e9tat-major de l\u2019ANP qui croyait avoir trouv\u00e9 la solution dans le cadre constitutionnel. Effervescence, dimanche, au Palais Zighoud Youcef o\u00f9 la commission mixte, for\u00e9e des deux bureaux de l&rsquo;APN et du Conseil de la Nation se trouve \u00e0 pied d\u2019\u0153uvre pour l\u2019\u00e9laboration du r\u00e8glement int\u00e9rieur inh\u00e9rent \u00e0 la c\u00e9r\u00e9monie d\u2019investiture \u00e0 la pr\u00e9sidence de la R\u00e9publique, pr\u00e9vue mardi en Congr\u00e8s des deux chambres. Il est \u00e0 signaler que, sans le dire clairement, le quotidien El Moudjahid a \u00e9voqu\u00e9, dans l\u2019\u00e9ditorial de ce dimanche 7 avril, l\u2019\u00e9ventualit\u00e9 de ne pas voir Abdelkader Bensalah g\u00e9rer la p\u00e9riode de transition en tant que chef de l\u2019\u00c9tat par int\u00e9rim. Une telle revendication \u00e9manant du peuple, \u00ab n\u2019est ni d\u00e9raisonnable ni forc\u00e9ment difficile \u00e0 r\u00e9aliser \u00bb, \u00e9crit le journal gouvernemental. Pour El Moudjahid, la Constitution est claire et \u00ab aucun vide constitutionnel n\u2019est possible \u00bb. \u00ab Ce qui par contre n\u2019a pas \u00e9t\u00e9 envisag\u00e9, ajoute le quotidien, c\u2019est le cas o\u00f9 le pr\u00e9sident du Conseil de la nation serait lui-m\u00eame contest\u00e9 \u00bb. \u00ab Un tel programme pr\u00e9cis n\u2019est ni d\u00e9raisonnable ni forc\u00e9ment difficile \u00e0 r\u00e9aliser \u00bb, juge-t-il, pr\u00e9conisant de \u00ab trouver le plus t\u00f4t possible une solution \u00e0 la question de la pr\u00e9sidence du Conseil de la nation, du moment que l\u2019actuel figure ne semble pas \u00eatre tol\u00e9r\u00e9e par le mouvement citoyen \u00bb. \u00ab L\u00e0 aussi, estime encore El Moudjahid, ce n\u2019est pas impossible de trouver un homme consensuel qui ait l\u2019\u00e9toffe et le sens de l\u2019\u00c9tat, pour conduire cette courte transition, l\u2019essentiel \u00e9tant de surmonter les divisions et ne pas tourner en rond \u00bb.<\/div>\n<\/div>\n<p>Auteur: Ismain<br \/>\n<a href=\"https:\/\/www.reflexiondz.net\/DES-DEPUTES-MENACENT-DE-BLOQUER-SON-INSTALLATION-Vers-une-transition-sans-Bensalah-_a55291.html\">Cliquez ici pour lire l&rsquo;article depuis sa source.<\/a><\/p>\n","protected":false},"excerpt":{"rendered":"<p>Les d\u00e9put\u00e9s contestataires refusent la pr\u00e9sence des membres du gouvernement ainsi que celle du Premier ministre, Nouredine Bedoui \u00e0 cette s\u00e9ance, pr\u00e9vue mardi prochain. Ils ont expliqu\u00e9 que la pr\u00e9sence du gouvernement \u00e0 cette s\u00e9ance, signifie qu\u2019ils le cautionnent et qu\u2019ils l\u2019acceptent. Un gouvernement qui est rejet\u00e9 par les Alg\u00e9riens, lesquels ont appel\u00e9 au d\u00e9part [&hellip;]<\/p>\n","protected":false},"author":1740,"featured_media":0,"comment_status":"closed","ping_status":"closed","sticky":false,"template":"","format":"standard","meta":{"fifu_image_url":"","fifu_image_alt":"","footnotes":""},"categories":[53,76],"tags":[],"class_list":["post-26478","post","type-post","status-publish","format-standard","hentry","category-algerie","category-regions"],"_links":{"self":[{"href":"https:\/\/linitiative.ca\/International\/wp-json\/wp\/v2\/posts\/26478","targetHints":{"allow":["GET"]}}],"collection":[{"href":"https:\/\/linitiative.ca\/International\/wp-json\/wp\/v2\/posts"}],"about":[{"href":"https:\/\/linitiative.ca\/International\/wp-json\/wp\/v2\/types\/post"}],"author":[{"embeddable":true,"href":"https:\/\/linitiative.ca\/International\/wp-json\/wp\/v2\/users\/1740"}],"replies":[{"embeddable":true,"href":"https:\/\/linitiative.ca\/International\/wp-json\/wp\/v2\/comments?post=26478"}],"version-history":[{"count":0,"href":"https:\/\/linitiative.ca\/International\/wp-json\/wp\/v2\/posts\/26478\/revisions"}],"wp:attachment":[{"href":"https:\/\/linitiative.ca\/International\/wp-json\/wp\/v2\/media?parent=26478"}],"wp:term":[{"taxonomy":"category","embeddable":true,"href":"https:\/\/linitiative.ca\/International\/wp-json\/wp\/v2\/categories?post=26478"},{"taxonomy":"post_tag","embeddable":true,"href":"https:\/\/linitiative.ca\/International\/wp-json\/wp\/v2\/tags?post=26478"}],"curies":[{"name":"wp","href":"https:\/\/api.w.org\/{rel}","templated":true}]}}