{"id":26479,"date":"2019-04-07T13:32:00","date_gmt":"2019-04-07T17:32:00","guid":{"rendered":"https:\/\/linitiative.ca\/International\/prison-del-harrach-haddad-dement-les-propos-qui-lui-ont-ete-attribues\/"},"modified":"2019-04-07T13:32:00","modified_gmt":"2019-04-07T17:32:00","slug":"prison-del-harrach-haddad-dement-les-propos-qui-lui-ont-ete-attribues","status":"publish","type":"post","link":"https:\/\/linitiative.ca\/International\/prison-del-harrach-haddad-dement-les-propos-qui-lui-ont-ete-attribues\/","title":{"rendered":"PRISON D&rsquo;EL-HARRACH : Haddad d\u00e9ment les propos  qui lui ont \u00e9t\u00e9 attribu\u00e9s"},"content":{"rendered":"<p><br id=\"sep_para_1\" class=\"sep_para access\"\/><\/p>\n<div id=\"para_1\" class=\"para_30233042 resize\">\n<div class=\"texte access firstletter\">Dans une mise au point sign\u00e9e par son avocat, Me Khaled Bourayou, Ali Haddad, patron de l\u2019ETRHB, s\u2019exprime depuis la prison d\u2019El-Harrach, o\u00f9 il a \u00e9t\u00e9 \u00e9crou\u00e9 depuis mercredi, sur des d\u00e9clarations qui lui ont \u00e9t\u00e9 attribu\u00e9es. \u00ab Certains m\u00e9dias ont eu \u00e0 imputer \u00e0 mon client [\u2026] certains propos qu\u2019il aurait tenus aussi bien lors de la proc\u00e9dure pr\u00e9liminaire qu\u2019\u00e0 l\u2019issue de son inculpation par le juge d\u2019instruction \u00bb, indique l\u2019avocat d\u2019Ali Haddad. Il aurait d\u00e9clar\u00e9 devant les gendarmes : \u00ab Je n\u2019irai pas seul, je les tra\u00eenerai tous avec moi \u00bb. Ali Haddad, dont les d\u00e9clarations ont \u00e9t\u00e9 rapport\u00e9es par son avocat, affirme \u00ab qu\u2019il n\u2019a nullement tenu ces propos d\u2019autant plus que la proc\u00e9dure pr\u00e9liminaire est confi\u00e9e \u00e0 la police judiciaire de la s\u00fbret\u00e9 nationale \u00bb. \u00ab Mon mandant s\u2019insurge contre ces all\u00e9gations tendancieuses entretenues \u00e0 desseins afin de le salir voire l\u2019accabler ostentatoirement devant l\u2019opinion publique \u00bb, \u00e9crit Me Bourayou. Ainsi, le tycoon du BTP estime \u00ab qu\u2019il n\u2019aura \u00e0 rendre compte qu\u2019\u00e0 la justice de son pays ; dans le cadre d\u2019une enqu\u00eate objective lui assurant ses droits fondamentaux et tout particuli\u00e8rement dans le respect de la pr\u00e9somption d\u2019innocence \u00bb.\u00a0\u00a0\u00a0\u00a0\u00a0\u00a0<\/div>\n<\/div>\n<p>Auteur: Nadine<br \/>\n<a href=\"https:\/\/www.reflexiondz.net\/PRISON-D-EL-HARRACH-Haddad-dement-les-propos-qui-lui-ont-ete-attribues_a55289.html\">Cliquez ici pour lire l&rsquo;article depuis sa source.<\/a><\/p>\n","protected":false},"excerpt":{"rendered":"<p>Dans une mise au point sign\u00e9e par son avocat, Me Khaled Bourayou, Ali Haddad, patron de l\u2019ETRHB, s\u2019exprime depuis la prison d\u2019El-Harrach, o\u00f9 il a \u00e9t\u00e9 \u00e9crou\u00e9 depuis mercredi, sur des d\u00e9clarations qui lui ont \u00e9t\u00e9 attribu\u00e9es. \u00ab Certains m\u00e9dias ont eu \u00e0 imputer \u00e0 mon client [\u2026] certains propos qu\u2019il aurait tenus aussi bien [&hellip;]<\/p>\n","protected":false},"author":1740,"featured_media":0,"comment_status":"closed","ping_status":"closed","sticky":false,"template":"","format":"standard","meta":{"fifu_image_url":"","fifu_image_alt":"","footnotes":""},"categories":[53,76],"tags":[],"class_list":["post-26479","post","type-post","status-publish","format-standard","hentry","category-algerie","category-regions"],"_links":{"self":[{"href":"https:\/\/linitiative.ca\/International\/wp-json\/wp\/v2\/posts\/26479","targetHints":{"allow":["GET"]}}],"collection":[{"href":"https:\/\/linitiative.ca\/International\/wp-json\/wp\/v2\/posts"}],"about":[{"href":"https:\/\/linitiative.ca\/International\/wp-json\/wp\/v2\/types\/post"}],"author":[{"embeddable":true,"href":"https:\/\/linitiative.ca\/International\/wp-json\/wp\/v2\/users\/1740"}],"replies":[{"embeddable":true,"href":"https:\/\/linitiative.ca\/International\/wp-json\/wp\/v2\/comments?post=26479"}],"version-history":[{"count":0,"href":"https:\/\/linitiative.ca\/International\/wp-json\/wp\/v2\/posts\/26479\/revisions"}],"wp:attachment":[{"href":"https:\/\/linitiative.ca\/International\/wp-json\/wp\/v2\/media?parent=26479"}],"wp:term":[{"taxonomy":"category","embeddable":true,"href":"https:\/\/linitiative.ca\/International\/wp-json\/wp\/v2\/categories?post=26479"},{"taxonomy":"post_tag","embeddable":true,"href":"https:\/\/linitiative.ca\/International\/wp-json\/wp\/v2\/tags?post=26479"}],"curies":[{"name":"wp","href":"https:\/\/api.w.org\/{rel}","templated":true}]}}