{"id":26495,"date":"2019-04-07T13:11:52","date_gmt":"2019-04-07T17:11:52","guid":{"rendered":"https:\/\/linitiative.ca\/International\/tunisie-des-blocages-de-routes-par-les-professionnels-des-transports-sont-attendus-sur-toutes-les-routes-du-pays\/"},"modified":"2019-04-07T13:11:52","modified_gmt":"2019-04-07T17:11:52","slug":"tunisie-des-blocages-de-routes-par-les-professionnels-des-transports-sont-attendus-sur-toutes-les-routes-du-pays","status":"publish","type":"post","link":"https:\/\/linitiative.ca\/International\/tunisie-des-blocages-de-routes-par-les-professionnels-des-transports-sont-attendus-sur-toutes-les-routes-du-pays\/","title":{"rendered":"Tunisie \u2013 Des blocages de routes par les professionnels des transports sont attendus sur toutes les routes du pays"},"content":{"rendered":"<div class=\"post-cont-in left relative\">\n<div class=\"nc_socialPanel swp_flatFresh swp_d_fullColor swp_i_fullColor swp_o_fullColor scale-100 scale-fullWidth\" data-position=\"none\" data-float=\"floatNone\" data-count=\"5\" data-floatcolor=\"#ffffff\" data-emphasize=\"0\">\n<div class=\"nc_tweetContainer totes totesalt\" data-id=\"6\"><span class=\"swp_count\"><span class=\"swp_label\">Partages<\/span> 138<\/span><\/div>\n<\/div>\n<p>Il est attendu qu\u2019\u00e0 partir de demain, lundi 8 avril, il y ait des blocages d\u2019axes routiers qui vont int\u00e9resser tout le territoire, suite \u00e0 la d\u00e9cision prise par les chambres syndicales des professionnels de transports (taxis, louages, auto-\u00e9coles\u2026).<\/p>\n<p>Ces professionnels entendent protester contre la derni\u00e8re majoration des prix des carburants. Ils ont averti, depuis la semaine \u00e9coul\u00e9e qu\u2019ils\u00a0allaient proc\u00e9der par escalade pour les prochains jours\u00a0:<\/p>\n<div class=\"code-block code-block-1 c3\"><ins class=\"adsbygoogle c2\" data-ad-layout=\"in-article\" data-ad-format=\"fluid\" data-ad-client=\"ca-pub-2102118777505746\" data-ad-slot=\"7301775417\"\/> <\/div>\n<p>Le lundi 8 avril, blocage des routes et croisements de sept heures du matin jusqu\u2019\u00e0 midi;<\/p>\n<p>Le mercredi 10 avril, le blocage se poursuivra jusqu\u2019\u00e0 six heures du soir;<\/p>\n<p>Le jeudi 11 avril, rassemblement de tous les professionnels qui vont converger vers la capitale pour la bloquer en entier.<\/p>\n<div class=\"mvp-org-wrap mvp-org-logo\" itemprop=\"publisher\" itemscope=\"\" itemtype=\"https:\/\/schema.org\/Organization\"><img decoding=\"async\" src=\"https:\/\/www.tunisienumerique.com\/wp-content\/uploads\/2017\/02\/logo_tunisie_numerique.png\"\/><\/div>\n<div class=\"nc_socialPanel swp_flatFresh swp_d_fullColor swp_i_fullColor swp_o_fullColor scale-100 scale-fullWidth\" data-position=\"none\" data-float=\"floatNone\" data-count=\"5\" data-floatcolor=\"#ffffff\" data-emphasize=\"0\">\n<div class=\"nc_tweetContainer totes totesalt\" data-id=\"6\"><span class=\"swp_count\"><span class=\"swp_label\">Partages<\/span> 138<\/span><\/div>\n<\/div>\n<div class=\"mvp-related-posts left relative\">\n<h4 class=\"post-header\"><span class=\"post-header\">Lire aussi<\/span><\/h4>\n<\/div>\n<\/div>\n<p>Auteur: LM<br \/>\n<a href=\"https:\/\/www.tunisienumerique.com\/tunisie-des-blocages-de-routes-par-les-professionnels-des-transports-sont-attendus-sur-toutes-les-routes-du-pays\/\">Cliquez ici pour lire l&rsquo;article depuis sa source.<\/a><\/p>\n","protected":false},"excerpt":{"rendered":"<p>Partages 138 Il est attendu qu\u2019\u00e0 partir de demain, lundi 8 avril, il y ait des blocages d\u2019axes routiers qui vont int\u00e9resser tout le territoire, suite \u00e0 la d\u00e9cision prise par les chambres syndicales des professionnels de transports (taxis, louages, auto-\u00e9coles\u2026). Ces professionnels entendent protester contre la derni\u00e8re majoration des prix des carburants. Ils ont [&hellip;]<\/p>\n","protected":false},"author":1789,"featured_media":26496,"comment_status":"closed","ping_status":"closed","sticky":false,"template":"","format":"standard","meta":{"fifu_image_url":"","fifu_image_alt":"","footnotes":""},"categories":[73,55],"tags":[],"class_list":["post-26495","post","type-post","status-publish","format-standard","has-post-thumbnail","hentry","category-actualite","category-tunisie"],"_links":{"self":[{"href":"https:\/\/linitiative.ca\/International\/wp-json\/wp\/v2\/posts\/26495","targetHints":{"allow":["GET"]}}],"collection":[{"href":"https:\/\/linitiative.ca\/International\/wp-json\/wp\/v2\/posts"}],"about":[{"href":"https:\/\/linitiative.ca\/International\/wp-json\/wp\/v2\/types\/post"}],"author":[{"embeddable":true,"href":"https:\/\/linitiative.ca\/International\/wp-json\/wp\/v2\/users\/1789"}],"replies":[{"embeddable":true,"href":"https:\/\/linitiative.ca\/International\/wp-json\/wp\/v2\/comments?post=26495"}],"version-history":[{"count":0,"href":"https:\/\/linitiative.ca\/International\/wp-json\/wp\/v2\/posts\/26495\/revisions"}],"wp:featuredmedia":[{"embeddable":true,"href":"https:\/\/linitiative.ca\/International\/wp-json\/"}],"wp:attachment":[{"href":"https:\/\/linitiative.ca\/International\/wp-json\/wp\/v2\/media?parent=26495"}],"wp:term":[{"taxonomy":"category","embeddable":true,"href":"https:\/\/linitiative.ca\/International\/wp-json\/wp\/v2\/categories?post=26495"},{"taxonomy":"post_tag","embeddable":true,"href":"https:\/\/linitiative.ca\/International\/wp-json\/wp\/v2\/tags?post=26495"}],"curies":[{"name":"wp","href":"https:\/\/api.w.org\/{rel}","templated":true}]}}