{"id":26497,"date":"2019-04-07T13:27:35","date_gmt":"2019-04-07T17:27:35","guid":{"rendered":"https:\/\/linitiative.ca\/International\/libye-video-les-usa-retirent-leurs-soldats-a-cause-de-la-situation-securitaire-sur-le-terrain\/"},"modified":"2019-04-07T13:27:35","modified_gmt":"2019-04-07T17:27:35","slug":"libye-video-les-usa-retirent-leurs-soldats-a-cause-de-la-situation-securitaire-sur-le-terrain","status":"publish","type":"post","link":"https:\/\/linitiative.ca\/International\/libye-video-les-usa-retirent-leurs-soldats-a-cause-de-la-situation-securitaire-sur-le-terrain\/","title":{"rendered":"Libye \u2013 VIDEO\u00a0: Les USA retirent leurs soldats \u00e0 cause de la situation s\u00e9curitaire sur le terrain"},"content":{"rendered":"<div class=\"post-cont-in left relative\">\n<div class=\"nc_socialPanel swp_flatFresh swp_d_fullColor swp_i_fullColor swp_o_fullColor scale-100 scale-fullWidth\" data-position=\"none\" data-float=\"floatNone\" data-count=\"5\" data-floatcolor=\"#ffffff\" data-emphasize=\"0\">\n<div class=\"nc_tweetContainer totes totesalt\" data-id=\"6\"><span class=\"swp_count\"><span class=\"swp_label\">Partages<\/span> 5K<\/span><\/div>\n<\/div>\n<p>Le commandement g\u00e9n\u00e9ral de l\u2019AFRICOM, bas\u00e9 \u00e0 Stuttgart, a annonc\u00e9 que les forces arm\u00e9es am\u00e9ricaines ont \u00e9t\u00e9 appel\u00e9es \u00e0 quitter le territoire libyen de toute urgence, \u00e0 cause de la situation s\u00e9curitaire critique sur le terrain.<br \/><iframe loading=\"lazy\" class=\"c2\" src=\"https:\/\/www.facebook.com\/plugins\/video.php?href=https%3A%2F%2Fwww.facebook.com%2FTunisTribune%2Fvideos%2F321099722178973%2F&#038;show_text=0&#038;width=560\" width=\"560\" height=\"315\" frameborder=\"0\" scrolling=\"no\" allowfullscreen=\"allowfullscreen\">[embedded content]<\/iframe><\/p>\n<div class=\"mvp-org-wrap mvp-org-logo\" itemprop=\"publisher\" itemscope=\"\" itemtype=\"https:\/\/schema.org\/Organization\"><img decoding=\"async\" src=\"https:\/\/www.tunisienumerique.com\/wp-content\/uploads\/2017\/02\/logo_tunisie_numerique.png\"\/><\/div>\n<div class=\"nc_socialPanel swp_flatFresh swp_d_fullColor swp_i_fullColor swp_o_fullColor scale-100 scale-fullWidth\" data-position=\"none\" data-float=\"floatNone\" data-count=\"5\" data-floatcolor=\"#ffffff\" data-emphasize=\"0\">\n<div class=\"nc_tweetContainer totes totesalt\" data-id=\"6\"><span class=\"swp_count\"><span class=\"swp_label\">Partages<\/span> 5K<\/span><\/div>\n<\/div>\n<div class=\"mvp-related-posts left relative\">\n<h4 class=\"post-header\"><span class=\"post-header\">Lire aussi<\/span><\/h4>\n<\/div>\n<\/div>\n<p>Auteur: LM<br \/>\n<a href=\"https:\/\/www.tunisienumerique.com\/libye-video-les-usa-retirent-leurs-soldats-a-cause-de-la-situation-securitaire-sur-le-terrain\/\">Cliquez ici pour lire l&rsquo;article depuis sa source.<\/a><\/p>\n","protected":false},"excerpt":{"rendered":"<p>Partages 5K Le commandement g\u00e9n\u00e9ral de l\u2019AFRICOM, bas\u00e9 \u00e0 Stuttgart, a annonc\u00e9 que les forces arm\u00e9es am\u00e9ricaines ont \u00e9t\u00e9 appel\u00e9es \u00e0 quitter le territoire libyen de toute urgence, \u00e0 cause de la situation s\u00e9curitaire critique sur le terrain.[embedded content] Partages 5K Lire aussi Auteur: LM Cliquez ici pour lire l&rsquo;article depuis sa source.<\/p>\n","protected":false},"author":1789,"featured_media":26498,"comment_status":"closed","ping_status":"closed","sticky":false,"template":"","format":"standard","meta":{"fifu_image_url":"","fifu_image_alt":"","footnotes":""},"categories":[73,55],"tags":[],"class_list":["post-26497","post","type-post","status-publish","format-standard","has-post-thumbnail","hentry","category-actualite","category-tunisie"],"_links":{"self":[{"href":"https:\/\/linitiative.ca\/International\/wp-json\/wp\/v2\/posts\/26497","targetHints":{"allow":["GET"]}}],"collection":[{"href":"https:\/\/linitiative.ca\/International\/wp-json\/wp\/v2\/posts"}],"about":[{"href":"https:\/\/linitiative.ca\/International\/wp-json\/wp\/v2\/types\/post"}],"author":[{"embeddable":true,"href":"https:\/\/linitiative.ca\/International\/wp-json\/wp\/v2\/users\/1789"}],"replies":[{"embeddable":true,"href":"https:\/\/linitiative.ca\/International\/wp-json\/wp\/v2\/comments?post=26497"}],"version-history":[{"count":0,"href":"https:\/\/linitiative.ca\/International\/wp-json\/wp\/v2\/posts\/26497\/revisions"}],"wp:featuredmedia":[{"embeddable":true,"href":"https:\/\/linitiative.ca\/International\/wp-json\/"}],"wp:attachment":[{"href":"https:\/\/linitiative.ca\/International\/wp-json\/wp\/v2\/media?parent=26497"}],"wp:term":[{"taxonomy":"category","embeddable":true,"href":"https:\/\/linitiative.ca\/International\/wp-json\/wp\/v2\/categories?post=26497"},{"taxonomy":"post_tag","embeddable":true,"href":"https:\/\/linitiative.ca\/International\/wp-json\/wp\/v2\/tags?post=26497"}],"curies":[{"name":"wp","href":"https:\/\/api.w.org\/{rel}","templated":true}]}}