{"id":26499,"date":"2019-04-07T13:54:46","date_gmt":"2019-04-07T17:54:46","guid":{"rendered":"https:\/\/linitiative.ca\/International\/tunisie-retour-de-la-neige-sur-les-hauteurs-de-sakiet-sidi-youssef-et-thala\/"},"modified":"2019-04-07T13:54:46","modified_gmt":"2019-04-07T17:54:46","slug":"tunisie-retour-de-la-neige-sur-les-hauteurs-de-sakiet-sidi-youssef-et-thala","status":"publish","type":"post","link":"https:\/\/linitiative.ca\/International\/tunisie-retour-de-la-neige-sur-les-hauteurs-de-sakiet-sidi-youssef-et-thala\/","title":{"rendered":"Tunisie \u2013 Retour de la neige sur les hauteurs de Sakiet Sidi Youssef et Thala"},"content":{"rendered":"<div class=\"post-cont-in left relative\">\n<div class=\"nc_socialPanel swp_flatFresh swp_d_fullColor swp_i_fullColor swp_o_fullColor scale-100 scale-fullWidth\" data-position=\"none\" data-float=\"floatNone\" data-count=\"5\" data-floatcolor=\"#ffffff\" data-emphasize=\"0\">\n<div class=\"nc_tweetContainer totes totesalt\" data-id=\"6\"><span class=\"swp_count\"><span class=\"swp_label\">Partages<\/span> 139<\/span><\/div>\n<\/div>\n<p>Les citoyens ont \u00e9t\u00e9 surpris, ce dimanche apr\u00e8s midi, par le retour en force de l\u2019hiver, avec des chutes de neiges sur les hauteurs de Sakiet Sidi Youssef et de Thala, dans le gouvernorat de Kasserine.<\/p>\n<p>Ces neiges surviennent apr\u00e8s des journ\u00e9es pluvieuses et quelques chutes de gr\u00eale, qui ont occasionn\u00e9 des d\u00e9g\u00e2ts dans les plantations de ces r\u00e9gions.<\/p>\n<div class=\"code-block code-block-1 c3\"><ins class=\"adsbygoogle c2\" data-ad-layout=\"in-article\" data-ad-format=\"fluid\" data-ad-client=\"ca-pub-2102118777505746\" data-ad-slot=\"7301775417\"\/> <\/div>\n<div class=\"mvp-org-wrap mvp-org-logo\" itemprop=\"publisher\" itemscope=\"\" itemtype=\"https:\/\/schema.org\/Organization\"><img decoding=\"async\" src=\"https:\/\/www.tunisienumerique.com\/wp-content\/uploads\/2017\/02\/logo_tunisie_numerique.png\"\/><\/div>\n<div class=\"nc_socialPanel swp_flatFresh swp_d_fullColor swp_i_fullColor swp_o_fullColor scale-100 scale-fullWidth\" data-position=\"none\" data-float=\"floatNone\" data-count=\"5\" data-floatcolor=\"#ffffff\" data-emphasize=\"0\">\n<div class=\"nc_tweetContainer totes totesalt\" data-id=\"6\"><span class=\"swp_count\"><span class=\"swp_label\">Partages<\/span> 139<\/span><\/div>\n<\/div>\n<div class=\"mvp-related-posts left relative\">\n<h4 class=\"post-header\"><span class=\"post-header\">Lire aussi<\/span><\/h4>\n<\/div>\n<\/div>\n<p>Auteur: LM<br \/>\n<a href=\"https:\/\/www.tunisienumerique.com\/tunisie-retour-de-la-neige-sur-les-hauteurs-de-sakiet-sidi-youssef-et-thala\/\">Cliquez ici pour lire l&rsquo;article depuis sa source.<\/a><\/p>\n","protected":false},"excerpt":{"rendered":"<p>Partages 139 Les citoyens ont \u00e9t\u00e9 surpris, ce dimanche apr\u00e8s midi, par le retour en force de l\u2019hiver, avec des chutes de neiges sur les hauteurs de Sakiet Sidi Youssef et de Thala, dans le gouvernorat de Kasserine. Ces neiges surviennent apr\u00e8s des journ\u00e9es pluvieuses et quelques chutes de gr\u00eale, qui ont occasionn\u00e9 des d\u00e9g\u00e2ts [&hellip;]<\/p>\n","protected":false},"author":1789,"featured_media":26500,"comment_status":"closed","ping_status":"closed","sticky":false,"template":"","format":"standard","meta":{"fifu_image_url":"","fifu_image_alt":"","footnotes":""},"categories":[73,55],"tags":[],"class_list":["post-26499","post","type-post","status-publish","format-standard","has-post-thumbnail","hentry","category-actualite","category-tunisie"],"_links":{"self":[{"href":"https:\/\/linitiative.ca\/International\/wp-json\/wp\/v2\/posts\/26499","targetHints":{"allow":["GET"]}}],"collection":[{"href":"https:\/\/linitiative.ca\/International\/wp-json\/wp\/v2\/posts"}],"about":[{"href":"https:\/\/linitiative.ca\/International\/wp-json\/wp\/v2\/types\/post"}],"author":[{"embeddable":true,"href":"https:\/\/linitiative.ca\/International\/wp-json\/wp\/v2\/users\/1789"}],"replies":[{"embeddable":true,"href":"https:\/\/linitiative.ca\/International\/wp-json\/wp\/v2\/comments?post=26499"}],"version-history":[{"count":0,"href":"https:\/\/linitiative.ca\/International\/wp-json\/wp\/v2\/posts\/26499\/revisions"}],"wp:featuredmedia":[{"embeddable":true,"href":"https:\/\/linitiative.ca\/International\/wp-json\/"}],"wp:attachment":[{"href":"https:\/\/linitiative.ca\/International\/wp-json\/wp\/v2\/media?parent=26499"}],"wp:term":[{"taxonomy":"category","embeddable":true,"href":"https:\/\/linitiative.ca\/International\/wp-json\/wp\/v2\/categories?post=26499"},{"taxonomy":"post_tag","embeddable":true,"href":"https:\/\/linitiative.ca\/International\/wp-json\/wp\/v2\/tags?post=26499"}],"curies":[{"name":"wp","href":"https:\/\/api.w.org\/{rel}","templated":true}]}}