{"id":26503,"date":"2019-04-07T14:34:56","date_gmt":"2019-04-07T18:34:56","guid":{"rendered":"https:\/\/linitiative.ca\/International\/coupe-de-la-caf-less-bat-al-hilal\/"},"modified":"2019-04-07T14:34:56","modified_gmt":"2019-04-07T18:34:56","slug":"coupe-de-la-caf-less-bat-al-hilal","status":"publish","type":"post","link":"https:\/\/linitiative.ca\/International\/coupe-de-la-caf-less-bat-al-hilal\/","title":{"rendered":"Coupe de la CAF : L\u2019ESS bat Al-Hilal"},"content":{"rendered":"<div class=\"nc_socialPanel swp_flatFresh swp_d_fullColor swp_i_fullColor swp_o_fullColor scale-100 scale-fullWidth\" data-position=\"none\" data-float=\"floatNone\" data-count=\"5\" data-floatcolor=\"#ffffff\" data-emphasize=\"0\">\n<div class=\"nc_tweetContainer totes totesalt\" data-id=\"6\"><span class=\"swp_count\"><span class=\"swp_label\">Partages<\/span> 1<\/span><\/div>\n<\/div>\n<p>Tr\u00e8s puissante, l\u2019Etoile Sportive du Sahel a battu Al-Hilal (3-1) gr\u00e2ce au doubl\u00e9 de Yassine Chikhaoui\u00a0sur deux penalty, dans le cadre du quart de finale aller de la Coupe de la CAF.<\/p>\n<p>Auteur d\u2019un doubl\u00e9, l\u2019exp\u00e9riment\u00e9 Etoil\u00e9 Yassine\u00a0Chikhaoui\u00a0a men\u00e9 son \u00e9quipe \u00e0 remporter une victoire pr\u00e9cieuse en transformant deux penalty (34e) et (81e).<\/p>\n<div class=\"code-block code-block-1 c4\"><ins class=\"adsbygoogle c3\" data-ad-layout=\"in-article\" data-ad-format=\"fluid\" data-ad-client=\"ca-pub-2102118777505746\" data-ad-slot=\"7301775417\"\/> <\/div>\n<p>Le d\u00e9fenseur, Zied\u00a0Boughattas\u00a0a sign\u00e9 le premier but de la rencontre \u00e0 la 30e minute\u00a0suite \u00e0\u00a0un coup de la t\u00eate, alors que le seul but des Soudanais a \u00e9t\u00e9 inscrit par\u00a0Althar\u00a0El Tahir (59e), un tir surpuissant.<\/p>\n<p>Il est \u00e0 noter que le milieu de terrain de l\u2019ESS, Karim\u00a0Aouadhi\u00a0a rat\u00e9 un penalty au cours du jeu.<\/p>\n<p>R\u00e9alisant un r\u00e9sultat assez important \u00e0 l\u2019aller, les hommes de Roger\u00a0Lemerre retrouvent les \u201cBleus et Blanc\u201d dimanche prochain, \u00e0\u00a0Omdourman.<\/p>\n<div class=\"mvp-org-wrap mvp-org-logo\" itemprop=\"publisher\" itemscope=\"\" itemtype=\"https:\/\/schema.org\/Organization\"><img decoding=\"async\" src=\"https:\/\/sport.tunisienumerique.com\/wp-content\/uploads\/2017\/05\/logo_tunisie_numerique.png\"\/><\/div>\n<div class=\"nc_socialPanel swp_flatFresh swp_d_fullColor swp_i_fullColor swp_o_fullColor scale-100 scale-fullWidth\" data-position=\"none\" data-float=\"floatNone\" data-count=\"5\" data-floatcolor=\"#ffffff\" data-emphasize=\"0\">\n<div class=\"nc_tweetContainer totes totesalt\" data-id=\"6\"><span class=\"swp_count\"><span class=\"swp_label\">Partages<\/span> 1<\/span><\/div>\n<\/div>\n<div class=\"mvp-related-posts left relative\">\n<h4 class=\"post-header\"><span class=\"post-header\">Lire aussi<\/span><\/h4>\n<\/div>\n<p>Auteur: a.<br \/>\n<a href=\"https:\/\/sport.tunisienumerique.com\/coupe-de-caf-less-bat-al-hilal\/\">Cliquez ici pour lire l&rsquo;article depuis sa source.<\/a><\/p>\n","protected":false},"excerpt":{"rendered":"<p>Partages 1 Tr\u00e8s puissante, l\u2019Etoile Sportive du Sahel a battu Al-Hilal (3-1) gr\u00e2ce au doubl\u00e9 de Yassine Chikhaoui\u00a0sur deux penalty, dans le cadre du quart de finale aller de la Coupe de la CAF. Auteur d\u2019un doubl\u00e9, l\u2019exp\u00e9riment\u00e9 Etoil\u00e9 Yassine\u00a0Chikhaoui\u00a0a men\u00e9 son \u00e9quipe \u00e0 remporter une victoire pr\u00e9cieuse en transformant deux penalty (34e) et (81e). [&hellip;]<\/p>\n","protected":false},"author":1789,"featured_media":26504,"comment_status":"closed","ping_status":"closed","sticky":false,"template":"","format":"standard","meta":{"fifu_image_url":"","fifu_image_alt":"","footnotes":""},"categories":[73,55],"tags":[],"class_list":["post-26503","post","type-post","status-publish","format-standard","has-post-thumbnail","hentry","category-actualite","category-tunisie"],"_links":{"self":[{"href":"https:\/\/linitiative.ca\/International\/wp-json\/wp\/v2\/posts\/26503","targetHints":{"allow":["GET"]}}],"collection":[{"href":"https:\/\/linitiative.ca\/International\/wp-json\/wp\/v2\/posts"}],"about":[{"href":"https:\/\/linitiative.ca\/International\/wp-json\/wp\/v2\/types\/post"}],"author":[{"embeddable":true,"href":"https:\/\/linitiative.ca\/International\/wp-json\/wp\/v2\/users\/1789"}],"replies":[{"embeddable":true,"href":"https:\/\/linitiative.ca\/International\/wp-json\/wp\/v2\/comments?post=26503"}],"version-history":[{"count":0,"href":"https:\/\/linitiative.ca\/International\/wp-json\/wp\/v2\/posts\/26503\/revisions"}],"wp:featuredmedia":[{"embeddable":true,"href":"https:\/\/linitiative.ca\/International\/wp-json\/"}],"wp:attachment":[{"href":"https:\/\/linitiative.ca\/International\/wp-json\/wp\/v2\/media?parent=26503"}],"wp:term":[{"taxonomy":"category","embeddable":true,"href":"https:\/\/linitiative.ca\/International\/wp-json\/wp\/v2\/categories?post=26503"},{"taxonomy":"post_tag","embeddable":true,"href":"https:\/\/linitiative.ca\/International\/wp-json\/wp\/v2\/tags?post=26503"}],"curies":[{"name":"wp","href":"https:\/\/api.w.org\/{rel}","templated":true}]}}