{"id":26507,"date":"2019-04-07T16:14:45","date_gmt":"2019-04-07T20:14:45","guid":{"rendered":"https:\/\/linitiative.ca\/International\/tunisie-faouzi-charfi-elu-nouveau-secretaire-general-du-parti-al-massar\/"},"modified":"2019-04-07T16:14:45","modified_gmt":"2019-04-07T20:14:45","slug":"tunisie-faouzi-charfi-elu-nouveau-secretaire-general-du-parti-al-massar","status":"publish","type":"post","link":"https:\/\/linitiative.ca\/International\/tunisie-faouzi-charfi-elu-nouveau-secretaire-general-du-parti-al-massar\/","title":{"rendered":"Tunisie \u2013 Faouzi Charfi \u00e9lu nouveau Secr\u00e9taire G\u00e9n\u00e9ral du parti Al Massar"},"content":{"rendered":"<div class=\"post-cont-in left relative\">\n<div class=\"nc_socialPanel swp_flatFresh swp_d_fullColor swp_i_fullColor swp_o_fullColor scale-100 scale-fullWidth\" data-position=\"none\" data-float=\"floatNone\" data-count=\"5\" data-floatcolor=\"#ffffff\" data-emphasize=\"0\">\n<div class=\"nc_tweetContainer totes totesalt\" data-id=\"6\"><span class=\"swp_count\"><span class=\"swp_label\">Partages<\/span> 15<\/span><\/div>\n<\/div>\n<p>Le parti Al Massar a tenu, ce weekend, son congr\u00e8s national \u00e0 l\u2019issue duquel un nouveau Secr\u00e9taire G\u00e9n\u00e9ral a \u00e9t\u00e9 \u00e9lu, en la personne de Faouzi Charfi. Et ce, \u00e0 la suite de la d\u00e9mission de l\u2019ancienne direction chapeaut\u00e9e par l\u2019actuel ministre de l\u2019agriculture, Samir Etta\u00efeb.<\/p>\n<p>Faouzi Charfi, qui \u00e9tait membre du bureau ex\u00e9cutif du parti, y avait suspendu\u00a0toutes ses activit\u00e9s il ya un an, \u00e0 cause de l<em>\u2019<\/em>absence de dialogue et de concertation au sein du parti<em>.<\/em><\/p>\n<div class=\"code-block code-block-1 c3\"><ins class=\"adsbygoogle c2\" data-ad-layout=\"in-article\" data-ad-format=\"fluid\" data-ad-client=\"ca-pub-2102118777505746\" data-ad-slot=\"7301775417\"\/> <\/div>\n<div class=\"mvp-org-wrap mvp-org-logo\" itemprop=\"publisher\" itemscope=\"\" itemtype=\"https:\/\/schema.org\/Organization\"><img decoding=\"async\" src=\"https:\/\/www.tunisienumerique.com\/wp-content\/uploads\/2017\/02\/logo_tunisie_numerique.png\"\/><\/div>\n<div class=\"nc_socialPanel swp_flatFresh swp_d_fullColor swp_i_fullColor swp_o_fullColor scale-100 scale-fullWidth\" data-position=\"none\" data-float=\"floatNone\" data-count=\"5\" data-floatcolor=\"#ffffff\" data-emphasize=\"0\">\n<div class=\"nc_tweetContainer totes totesalt\" data-id=\"6\"><span class=\"swp_count\"><span class=\"swp_label\">Partages<\/span> 15<\/span><\/div>\n<\/div>\n<div class=\"mvp-related-posts left relative\">\n<h4 class=\"post-header\"><span class=\"post-header\">Lire aussi<\/span><\/h4>\n<\/div>\n<\/div>\n<p>Auteur: LM<br \/>\n<a href=\"https:\/\/www.tunisienumerique.com\/tunisie-faouzi-charfi-elu-nouveau-secretaire-general-du-parti-al-massar\/\">Cliquez ici pour lire l&rsquo;article depuis sa source.<\/a><\/p>\n","protected":false},"excerpt":{"rendered":"<p>Partages 15 Le parti Al Massar a tenu, ce weekend, son congr\u00e8s national \u00e0 l\u2019issue duquel un nouveau Secr\u00e9taire G\u00e9n\u00e9ral a \u00e9t\u00e9 \u00e9lu, en la personne de Faouzi Charfi. Et ce, \u00e0 la suite de la d\u00e9mission de l\u2019ancienne direction chapeaut\u00e9e par l\u2019actuel ministre de l\u2019agriculture, Samir Etta\u00efeb. Faouzi Charfi, qui \u00e9tait membre du bureau [&hellip;]<\/p>\n","protected":false},"author":1789,"featured_media":26508,"comment_status":"closed","ping_status":"closed","sticky":false,"template":"","format":"standard","meta":{"fifu_image_url":"","fifu_image_alt":"","footnotes":""},"categories":[73,55],"tags":[],"class_list":["post-26507","post","type-post","status-publish","format-standard","has-post-thumbnail","hentry","category-actualite","category-tunisie"],"_links":{"self":[{"href":"https:\/\/linitiative.ca\/International\/wp-json\/wp\/v2\/posts\/26507","targetHints":{"allow":["GET"]}}],"collection":[{"href":"https:\/\/linitiative.ca\/International\/wp-json\/wp\/v2\/posts"}],"about":[{"href":"https:\/\/linitiative.ca\/International\/wp-json\/wp\/v2\/types\/post"}],"author":[{"embeddable":true,"href":"https:\/\/linitiative.ca\/International\/wp-json\/wp\/v2\/users\/1789"}],"replies":[{"embeddable":true,"href":"https:\/\/linitiative.ca\/International\/wp-json\/wp\/v2\/comments?post=26507"}],"version-history":[{"count":0,"href":"https:\/\/linitiative.ca\/International\/wp-json\/wp\/v2\/posts\/26507\/revisions"}],"wp:featuredmedia":[{"embeddable":true,"href":"https:\/\/linitiative.ca\/International\/wp-json\/"}],"wp:attachment":[{"href":"https:\/\/linitiative.ca\/International\/wp-json\/wp\/v2\/media?parent=26507"}],"wp:term":[{"taxonomy":"category","embeddable":true,"href":"https:\/\/linitiative.ca\/International\/wp-json\/wp\/v2\/categories?post=26507"},{"taxonomy":"post_tag","embeddable":true,"href":"https:\/\/linitiative.ca\/International\/wp-json\/wp\/v2\/tags?post=26507"}],"curies":[{"name":"wp","href":"https:\/\/api.w.org\/{rel}","templated":true}]}}