{"id":26515,"date":"2019-04-07T13:50:01","date_gmt":"2019-04-07T17:50:01","guid":{"rendered":"https:\/\/linitiative.ca\/International\/syrie-la-russie-appelle-a-fermer-un-camp-de-deplaces-a-la-frontiere-jordanienne\/"},"modified":"2019-04-07T13:50:01","modified_gmt":"2019-04-07T17:50:01","slug":"syrie-la-russie-appelle-a-fermer-un-camp-de-deplaces-a-la-frontiere-jordanienne","status":"publish","type":"post","link":"https:\/\/linitiative.ca\/International\/syrie-la-russie-appelle-a-fermer-un-camp-de-deplaces-a-la-frontiere-jordanienne\/","title":{"rendered":"Syrie: la Russie appelle \u00e0 fermer un camp de d\u00e9plac\u00e9s \u00e0 la fronti\u00e8re jordanienne"},"content":{"rendered":"<div readability=\"32\">\n<p>Publi\u00e9 le 07.04.2019 \u00e0 18h50 par AFP<\/p>\n<\/div>\n<div readability=\"95\">\n<p>Le chef de la diplomatie russe Sergue\u00ef Lavrov, en visite \u00e0 Amman, a appel\u00e9 dimanche \u00e0 la fermeture imm\u00e9diate d\u2019un camp qui abrite des dizaines de milliers de d\u00e9plac\u00e9s dans le sud de la Syrie, tout pr\u00e8s de la fronti\u00e8re jordanienne.<\/p>\n<p>Pr\u00e8s de 50.000 d\u00e9plac\u00e9s syriens vivent dans des conditions d\u00e9plorables dans le camp de Rokbane, situ\u00e9 dans une zone d\u00e9sertique du sud-est syrien, pr\u00e8s de la base d\u2019al-Tanaf. Celle-ci est utilis\u00e9e par la coalition internationale antijihadistes men\u00e9e par les Etats-Unis.<\/p>\n<p>\u00ab\u00a0Nous appelons \u00e0 ce que ce camp soit ferm\u00e9 le plus vite possible\u00a0\u00bb, a d\u00e9clar\u00e9 Sergue\u00ef Lavrov au cours d\u2019une conf\u00e9rence de presse commune avec son homologue jordanien Ayman Safadi.<\/p>\n<p>Il a par ailleurs d\u00e9nonc\u00e9 \u00ab\u00a0l\u2019occupation de facto\u00a0\u00bb de la r\u00e9gion par les forces am\u00e9ricaines.<\/p>\n<p>\u00ab\u00a0Selon des observateurs de l\u2019ONU qui ont visit\u00e9 le camp, la plupart des personnes d\u00e9plac\u00e9es veulent revenir chez elles\u00a0\u00bb, a encore affirm\u00e9 le ministre des Affaires \u00e9trang\u00e8res russe, reprochant \u00e0 Washington de refuser la \u00ab\u00a0fermeture du camp\u00a0\u00bb.<\/p>\n<p>M. Safadi a pour sa part appel\u00e9 \u00e0 une r\u00e9union tripartite entre responsables am\u00e9ricains, russes et jordaniens afin de r\u00e9soudre cette \u00ab\u00a0question humanitaire majeure\u00a0\u00bb.<\/p>\n<p>Le r\u00e9gime de Bachar al-Assad, qui a repris de vastes territoires aux rebelles et jihadistes ces derni\u00e8res ann\u00e9es, cherche \u00e0 faire revenir chez eux les millions de personnes d\u00e9plac\u00e9es par la guerre.<\/p>\n<p><ins data-revive-zoneid=\"9\" data-revive-id=\"10111e19d28d19d031742ee3b0b33eb0\"\/> <\/p>\n<p>Fin f\u00e9vrier, il avait appel\u00e9 les d\u00e9plac\u00e9s de Rokbane \u00e0 quitter le camp, deux semaines apr\u00e8s l\u2019ouverture, avec son alli\u00e9 russe, de couloirs humanitaires.<\/p>\n<p>Le coordonnateur humanitaire r\u00e9gional de l\u2019ONU pour la crise syrienne Panos Moumtzis avait alors indiqu\u00e9 que personne n\u2019avait quitt\u00e9 le camp, soulignant toutefois que \u00ab\u00a0plus de 95%\u00a0\u00bb de ses r\u00e9sidents \u00ab\u00a0souhaitent revenir dans les zones sous le contr\u00f4le du gouvernement\u00a0\u00bb.<\/p>\n<p>\u00ab\u00a0Mais ils (\u2026) veulent \u00eatre s\u00fbrs qu\u2019ils seront en s\u00e9curit\u00e9\u00a0\u00bb, avait-il insist\u00e9.<\/p>\n<p>En d\u00e9cembre, le pr\u00e9sident am\u00e9ricain Donald Trump avait annonc\u00e9 le retrait de ses troupes en Syrie, mais il avait finalement d\u00e9cid\u00e9 que 400 soldats resteraient apr\u00e8s ce d\u00e9part.<\/p>\n<p>Le conseiller \u00e0 la s\u00e9curit\u00e9 nationale de la Maison Blanche avait \u00e9galement annonc\u00e9 d\u00e9but 2019 que des forces am\u00e9ricaines pourraient rester stationn\u00e9es \u00e0 al-Tanaf dans le cadre des efforts pour contrer la pr\u00e9sence iranienne dans le pays.<\/p>\n<p>D\u00e9clench\u00e9 en mars 2011, le conflit en Syrie a fait plus de 370.000 morts et d\u00e9plac\u00e9 plusieurs millions de personnes.<\/p>\n<\/div>\n<p>Auteur: AFP<br \/>\n<a href=\"https:\/\/www.journalducameroun.com\/fr\/syrie-la-russie-appelle-a-fermer-un-camp-de-deplaces-a-la-frontiere-jordanienne\/\">Cliquez ici pour lire l&rsquo;article depuis sa source.<\/a><\/p>\n","protected":false},"excerpt":{"rendered":"<p>Publi\u00e9 le 07.04.2019 \u00e0 18h50 par AFP Le chef de la diplomatie russe Sergue\u00ef Lavrov, en visite \u00e0 Amman, a appel\u00e9 dimanche \u00e0 la fermeture imm\u00e9diate d\u2019un camp qui abrite des dizaines de milliers de d\u00e9plac\u00e9s dans le sud de la Syrie, tout pr\u00e8s de la fronti\u00e8re jordanienne. Pr\u00e8s de 50.000 d\u00e9plac\u00e9s syriens vivent dans [&hellip;]<\/p>\n","protected":false},"author":1965,"featured_media":0,"comment_status":"closed","ping_status":"closed","sticky":false,"template":"","format":"standard","meta":{"fifu_image_url":"","fifu_image_alt":"","footnotes":""},"categories":[73,82],"tags":[],"class_list":["post-26515","post","type-post","status-publish","format-standard","hentry","category-actualite","category-cameroun"],"_links":{"self":[{"href":"https:\/\/linitiative.ca\/International\/wp-json\/wp\/v2\/posts\/26515","targetHints":{"allow":["GET"]}}],"collection":[{"href":"https:\/\/linitiative.ca\/International\/wp-json\/wp\/v2\/posts"}],"about":[{"href":"https:\/\/linitiative.ca\/International\/wp-json\/wp\/v2\/types\/post"}],"author":[{"embeddable":true,"href":"https:\/\/linitiative.ca\/International\/wp-json\/wp\/v2\/users\/1965"}],"replies":[{"embeddable":true,"href":"https:\/\/linitiative.ca\/International\/wp-json\/wp\/v2\/comments?post=26515"}],"version-history":[{"count":0,"href":"https:\/\/linitiative.ca\/International\/wp-json\/wp\/v2\/posts\/26515\/revisions"}],"wp:attachment":[{"href":"https:\/\/linitiative.ca\/International\/wp-json\/wp\/v2\/media?parent=26515"}],"wp:term":[{"taxonomy":"category","embeddable":true,"href":"https:\/\/linitiative.ca\/International\/wp-json\/wp\/v2\/categories?post=26515"},{"taxonomy":"post_tag","embeddable":true,"href":"https:\/\/linitiative.ca\/International\/wp-json\/wp\/v2\/tags?post=26515"}],"curies":[{"name":"wp","href":"https:\/\/api.w.org\/{rel}","templated":true}]}}