{"id":26516,"date":"2019-04-07T13:50:03","date_gmt":"2019-04-07T17:50:03","guid":{"rendered":"https:\/\/linitiative.ca\/International\/rwanda-la-france-instaure-une-journee-de-commemoration-une-avancee-insuffisante-selon-les-associations\/"},"modified":"2019-04-07T13:50:03","modified_gmt":"2019-04-07T17:50:03","slug":"rwanda-la-france-instaure-une-journee-de-commemoration-une-avancee-insuffisante-selon-les-associations","status":"publish","type":"post","link":"https:\/\/linitiative.ca\/International\/rwanda-la-france-instaure-une-journee-de-commemoration-une-avancee-insuffisante-selon-les-associations\/","title":{"rendered":"Rwanda: la France instaure une journ\u00e9e de comm\u00e9moration, une \u00ab\u00a0avanc\u00e9e\u00a0\u00bb insuffisante selon les associations"},"content":{"rendered":"<div readability=\"32\">\n<p>Publi\u00e9 le 07.04.2019 \u00e0 18h50 par AFP<\/p>\n<\/div>\n<div readability=\"140\">\n<p>Grand absent des c\u00e9r\u00e9monies \u00e0 Kigali du 25e anniversaire du g\u00e9nocide rwandais, Emmanuel Macron a annonc\u00e9 dimanche \u00ab\u00a0une journ\u00e9e de comm\u00e9moration\u00a0\u00bb en France: une nouvelle \u00ab\u00a0avanc\u00e9e\u00a0\u00bb, selon les associations de soutien aux victimes, apr\u00e8s l\u2019ouverture limit\u00e9e des archives annonc\u00e9e vendredi, mais qui reste insuffisante.<\/p>\n<p>\u00ab\u00a0Emmanuel Macron salue le travail de m\u00e9moire conduit par les rescap\u00e9s et souhaite que la date du 7 avril soit d\u00e9sormais une journ\u00e9e de comm\u00e9moration du g\u00e9nocide des Tutsi\u00a0\u00bb, qui a fait entre 800.000 et un million de morts en 1994, a annonc\u00e9 la pr\u00e9sidence fran\u00e7aise.<\/p>\n<p>Le pr\u00e9sident \u00ab\u00a0exprime sa solidarit\u00e9 avec le peuple rwandais et sa compassion \u00e0 l\u2019\u00e9gard des victimes et de leurs familles\u00a0\u00bb, selon un bref communiqu\u00e9.<\/p>\n<p>\u00ab\u00a0C\u2019est clairement une avanc\u00e9e\u00a0\u00bb, d\u00e9clare \u00e0 l\u2019AFP Julien Allaire, administrateur de Survie, qui d\u00e9nonce \u00ab\u00a0toutes les formes d\u2019intervention n\u00e9ocoloniale fran\u00e7aise en Afrique\u00a0\u00bb. \u00ab\u00a0Ce g\u00e9nocide n\u2019avait pas de reconnaissance officielle. \u00c7a va permettre d\u2019inscrire cette question dans un parcours \u00e9ducatif\u00a0\u00bb, souligne-t-il.<\/p>\n<p>\u00ab\u00a0Ma r\u00e9action est une r\u00e9action de satisfaction\u00a0\u00bb, estime \u00e9galement Marcel Kabanda, pr\u00e9sident d\u2019Ibuka France, une association de soutien aux victimes et rescap\u00e9s du g\u00e9nocide. \u00ab\u00a0C\u2019est la justice qui nous est rendue, aux victimes, aux rescap\u00e9s\u00a0\u00bb, souligne-t-il.<\/p>\n<p>\u00ab\u00a0J\u2019esp\u00e8re que cette journ\u00e9e de comm\u00e9moration sera un appel \u00e0 aller au-del\u00e0 des r\u00e9ticences. Ce n\u2019est pas la population fran\u00e7aise \u00e0 la base mais les \u00e9lites qui devraient parler davantage (du g\u00e9nocide, ndlr). \u00c7a prendra du temps, mais cela ouvre une nouvelle phase\u00a0\u00bb, juge-t-il.<\/p>\n<p>\u2013 \u00ab\u00a0Tirer les le\u00e7ons\u00a0\u00bb \u2013<\/p>\n<p>Mais pour M. Allaire, cette annonce n\u2019est qu\u2019un \u00ab\u00a0minimum\u00a0\u00bb. \u00ab\u00a0Il n\u2019y a toujours aucune d\u00e9claration sur la responsabilit\u00e9 de la France\u00a0\u00bb dans le g\u00e9nocide, souligne-t-il lors d\u2019une manifestation dans le centre de Paris o\u00f9 \u00ab\u00a0Rwanda 1994. France complice\u00a0\u00bb \u00e9tait inscrit en lettres g\u00e9antes au pied de la statue de la R\u00e9publique.<\/p>\n<p>\u00ab\u00a0On est au milieu du gu\u00e9. Il est temps que le pr\u00e9sident fasse cette d\u00e9claration\u00a0\u00bb, insiste le militant, qui estime tout aussi insuffisante l\u2019annonce faite vendredi par M. Macron.<\/p>\n<p><ins data-revive-zoneid=\"9\" data-revive-id=\"10111e19d28d19d031742ee3b0b33eb0\"\/> <\/p>\n<p>Le pr\u00e9sident avait ce jour-l\u00e0 indiqu\u00e9 que serait mise en place une commission d\u2019historiens et de chercheurs afin de faire la lumi\u00e8re sur le r\u00f4le controvers\u00e9 de Paris dans cette trag\u00e9die. Cette commission aura acc\u00e8s \u00e0 \u00ab\u00a0toutes les archives fran\u00e7aises concernant le Rwanda entre 1990 et 1994\u00a0\u00bb, lesquelles ne seront cependant pas ouvertes \u00e0 tous. Paris est r\u00e9guli\u00e8rement accus\u00e9 d\u2019avoir soutenu les Hutu dans leur g\u00e9nocide des Tutsi.<\/p>\n<p>\u00ab\u00a0Nous voulons faire toute la lumi\u00e8re sur ce qui s\u2019est pass\u00e9 au Rwanda il y a maintenant 25 ans\u00a0\u00bb, a d\u00e9clar\u00e9 \u00e0 la presse le ministre de l\u2019Economie Bruno Le Maire, en marge d\u2019une comm\u00e9moration au \u00ab\u00a0Jardin de la m\u00e9moire du g\u00e9nocide des Tutsi au Rwanda\u00a0\u00bb \u00e0 Paris.<\/p>\n<p>\u00ab\u00a0Nous faisons de ce 7 avril une journ\u00e9e officielle. Et surtout, maintenant nous allons travailler, travailler avec cette commission ind\u00e9pendante d\u2019historiens qui va devoir faire toute la lumi\u00e8re sur ce qui s\u2019est pass\u00e9 au Rwanda\u00a0\u00bb, a-t-il soulign\u00e9 lors de la c\u00e9r\u00e9monie qui r\u00e9unissait \u00e9galement la maire socialiste Anne Hidalgo et la cantatrice am\u00e9ricaine Barbara Hendricks, qui y a chant\u00e9.<\/p>\n<p>Dans une lettre \u00e0 Emmanuel Macron, publi\u00e9e par l\u2019hebdomadaire fran\u00e7ais Journal du Dimanche, Mme Hendricks, ambassadrice du Haut-Commissariat aux r\u00e9fugi\u00e9s de l\u2019ONU, estime que \u00ab\u00a0la France s\u2019honorerait en ouvrant les archives de cet \u00e9pisode dramatique, le dernier g\u00e9nocide du XXe si\u00e8cle\u00a0\u00bb.<\/p>\n<p>\u00ab\u00a0La Belgique (ancienne puissance coloniale, ndlr) a reconnu son r\u00f4le d\u00e8s 1995, mais c\u2019\u00e9tait reconna\u00eetre une passivit\u00e9. La France doit reconna\u00eetre un r\u00f4le actif en faveur des g\u00e9nocidaires. On le sait d\u00e9j\u00e0: la commission ne fera qu\u2019ajouter des preuves\u00a0\u00bb, accuse M. Allaire.<\/p>\n<p>Selon lui, l\u2019absence de contrition fran\u00e7aise prouve le \u00ab\u00a0pouvoir d\u2019influence\u00a0\u00bb qu\u2019exercent encore les responsables politiques et militaires de l\u2019\u00e9poque qui, estime-t-il, ont pu contraindre M. Macron \u00e0 ne pas se rendre aux c\u00e9r\u00e9monies au Rwanda, malgr\u00e9 une invitation de Kigali qui suivait un certain r\u00e9chauffement des relations jusqu\u2019alors tendues entre les deux pays.<\/p>\n<p>Le pr\u00e9sident fran\u00e7ais a finalement pr\u00e9f\u00e9r\u00e9 s\u2019excuser et a envoy\u00e9 un \u00ab\u00a0repr\u00e9sentant personnel\u00a0\u00bb: le d\u00e9put\u00e9 Herv\u00e9 Berville, orphelin tutsi adopt\u00e9 en France en 1994.<\/p>\n<p>bur-reb-are-lv\/sd<\/p>\n<\/div>\n<p>Auteur: AFP<br \/>\n<a href=\"https:\/\/www.journalducameroun.com\/fr\/rwanda-la-france-instaure-une-journee-de-commemoration-une-avancee-insuffisante-selon-les-associations\/\">Cliquez ici pour lire l&rsquo;article depuis sa source.<\/a><\/p>\n","protected":false},"excerpt":{"rendered":"<p>Publi\u00e9 le 07.04.2019 \u00e0 18h50 par AFP Grand absent des c\u00e9r\u00e9monies \u00e0 Kigali du 25e anniversaire du g\u00e9nocide rwandais, Emmanuel Macron a annonc\u00e9 dimanche \u00ab\u00a0une journ\u00e9e de comm\u00e9moration\u00a0\u00bb en France: une nouvelle \u00ab\u00a0avanc\u00e9e\u00a0\u00bb, selon les associations de soutien aux victimes, apr\u00e8s l\u2019ouverture limit\u00e9e des archives annonc\u00e9e vendredi, mais qui reste insuffisante. \u00ab\u00a0Emmanuel Macron salue le [&hellip;]<\/p>\n","protected":false},"author":1965,"featured_media":0,"comment_status":"closed","ping_status":"closed","sticky":false,"template":"","format":"standard","meta":{"fifu_image_url":"","fifu_image_alt":"","footnotes":""},"categories":[73,82],"tags":[],"class_list":["post-26516","post","type-post","status-publish","format-standard","hentry","category-actualite","category-cameroun"],"_links":{"self":[{"href":"https:\/\/linitiative.ca\/International\/wp-json\/wp\/v2\/posts\/26516","targetHints":{"allow":["GET"]}}],"collection":[{"href":"https:\/\/linitiative.ca\/International\/wp-json\/wp\/v2\/posts"}],"about":[{"href":"https:\/\/linitiative.ca\/International\/wp-json\/wp\/v2\/types\/post"}],"author":[{"embeddable":true,"href":"https:\/\/linitiative.ca\/International\/wp-json\/wp\/v2\/users\/1965"}],"replies":[{"embeddable":true,"href":"https:\/\/linitiative.ca\/International\/wp-json\/wp\/v2\/comments?post=26516"}],"version-history":[{"count":0,"href":"https:\/\/linitiative.ca\/International\/wp-json\/wp\/v2\/posts\/26516\/revisions"}],"wp:attachment":[{"href":"https:\/\/linitiative.ca\/International\/wp-json\/wp\/v2\/media?parent=26516"}],"wp:term":[{"taxonomy":"category","embeddable":true,"href":"https:\/\/linitiative.ca\/International\/wp-json\/wp\/v2\/categories?post=26516"},{"taxonomy":"post_tag","embeddable":true,"href":"https:\/\/linitiative.ca\/International\/wp-json\/wp\/v2\/tags?post=26516"}],"curies":[{"name":"wp","href":"https:\/\/api.w.org\/{rel}","templated":true}]}}