{"id":26517,"date":"2019-04-07T14:18:02","date_gmt":"2019-04-07T18:18:02","guid":{"rendered":"https:\/\/linitiative.ca\/International\/athletisme-u18-et-u20-les-ivoiriens-se-mettent-en-jambes-avant-les-championnats-dafrique\/"},"modified":"2019-04-07T14:18:02","modified_gmt":"2019-04-07T18:18:02","slug":"athletisme-u18-et-u20-les-ivoiriens-se-mettent-en-jambes-avant-les-championnats-dafrique","status":"publish","type":"post","link":"https:\/\/linitiative.ca\/International\/athletisme-u18-et-u20-les-ivoiriens-se-mettent-en-jambes-avant-les-championnats-dafrique\/","title":{"rendered":"Athl\u00e9tisme U18 et U20\/ Les Ivoiriens se mettent en \u00abjambes \u00bb avant les championnats d\u2019Afrique"},"content":{"rendered":"<div readability=\"32\">\n<p>Publi\u00e9 le 07.04.2019 \u00e0 19h18 par APA News<\/p>\n<\/div>\n<div readability=\"133\">\n<p>Le Stade Houphou\u00ebt-Boigny a abrit\u00e9, samedi, les championnats nationaux d\u2019athl\u00e9tisme des U18 et U20 dans les conditions des championnats d\u2019Afrique de ces cat\u00e9gories que le pays accueillera du 16 au 20 avril.Nouveau mat\u00e9riel dont un chrono \u00e9lectrique utilis\u00e9 dans les grandes comp\u00e9titions internationales, des officiels \u00e9trangers, la F\u00e9d\u00e9ration ivoirienne d\u2019athl\u00e9tisme (FIA) a fait les choses en grand pour ces championnats nationaux des U18 et U20 pour mettre ses athl\u00e8tes dans le bain avant les championnats africains.<\/p>\n<p>Sur la piste, la vice-championne du monde Marie-Jos\u00e9e Ta Lou s\u2019entraine (exercices et foul\u00e9es) en compagnie de son \u2018\u2019fils\u00a0\u00bb, Arthur Gu\u00e9 Ciss\u00e9 (22 ans) l\u2019un des espoirs ivoiriens d\u2019athl\u00e9tisme qu\u2019elle coache depuis un moment.\u00a0<\/p>\n<p>\u00ab Il y a de la bonne graine dans le championnat ivoirien \u00bb, se f\u00e9licite la sprinteuse \u00a0qui refuse de parler de son prochain meeting du 3 mai \u00e0 Doha au Qatar. \u00ab Ce sont les jeunes s\u0153urs et fr\u00e8res qui sont \u00e0 l\u2019honneur, aujourd\u2019hui, il faut les encourager \u00bb, conseille-t-elle.\u00a0<\/p>\n<p>La comp\u00e9tition d\u00e9bute, simultan\u00e9ment, par la finale des 5000 m U20 Hommes remport\u00e9e par Tap\u00e9li Alassane de la Ligue de Yamoussoukro avec un chrono de (16.18.18) et le saut en longueur U18 gar\u00e7ons remport\u00e9 par Diasso Serges Armand (6, 63m) de Daloa battant son propre record (+1,3m).\u00a0<\/p>\n<p>Plus de huit heures de diff\u00e9rentes \u00e9preuves ( Lancer de poids, saut en hauteur, Steeple, haies, javelot, triple saut, 100, 200m, 400 m, 800m, 1500 m\u2026), la comp\u00e9tition prend fin avec le relais\u00a0<\/p>\n<p>4X400 Hommes.<\/p>\n<p>Quelques r\u00e9sultats<\/p>\n<p>U18 \u00a0Dames<\/p>\n<p>Epreuve\u00a0: 1500m<\/p>\n<p>1erHien Dj\u00e9n\u00e9bou, Abengourou, (5.30.12)<\/p>\n<p>2\u00e8 Kouakou Amoin Carelle, Bouak\u00e9, (5.31.70)<\/p>\n<p>3\u00e8 Yao Ahou Elisabeth, Bouak\u00e9, (5.43.34)<\/p>\n<p>Epreuve\u00a0: Hauteur<\/p>\n<p>1erKoffi Akoua Syntiche, Yamoussoukro, (1m40)<\/p>\n<p>2\u00e8 Bidi Gr\u00e2ce Emmanuelle, Daloa, (1m35)<\/p>\n<p><ins data-revive-zoneid=\"9\" data-revive-id=\"10111e19d28d19d031742ee3b0b33eb0\"\/> <\/p>\n<p>3\u00e8 Adou Hermance Marie Th\u00e9r\u00e8se, Dabou, (1m 25)<\/p>\n<p>Epreuve\u00a0: Poids<\/p>\n<p>1er\u00a0Kon\u00e9 Ariane Leila, Abidjan Sud, (10m 54)<\/p>\n<p>2\u00e8 N\u2019guessan Amenan Oc\u00e9ane, Yamoussoukro (10m51)<\/p>\n<p>3\u00e8 Bintou Kaba Diakit\u00e9, Abidjan Sud, (9m68)<\/p>\n<p>U20 Dames<\/p>\n<p>Epreuve\u00a0: 1500m<\/p>\n<p>1er\u00a0Adou AMA Sonia, Abengourou, (5.35.61)<\/p>\n<p>2\u00e8 Zian Desseu Gr\u00e2ce, San-Pedro, (5.41.40)<\/p>\n<p>3\u00e8 Vonl\u00e9 Mamay\u00e9, Abidjan Nord, (5.49.41)<\/p>\n<p>U20 Hommes<\/p>\n<p>Epreuve\u00a0: 3000m Steeple<\/p>\n<p>1er Doumbia Isma\u00ebl Jaur\u00e8s, Abidjan Nord, (10.38.7)<\/p>\n<p>2\u00e8 Diamala Peuhmond, Yamoussoukro, (11.11.6)<\/p>\n<p>3\u00e8 Koffi Kouadio Hermann, San Pedro (11.26.3)<\/p>\n<\/div>\n<p>Auteur: APA News<br \/>\n<a href=\"https:\/\/www.journalducameroun.com\/fr\/athletisme-u18-et-u20-les-ivoiriens-se-mettent-en-jambes-avant-les-championnats-dafrique\/\">Cliquez ici pour lire l&rsquo;article depuis sa source.<\/a><\/p>\n","protected":false},"excerpt":{"rendered":"<p>Publi\u00e9 le 07.04.2019 \u00e0 19h18 par APA News Le Stade Houphou\u00ebt-Boigny a abrit\u00e9, samedi, les championnats nationaux d\u2019athl\u00e9tisme des U18 et U20 dans les conditions des championnats d\u2019Afrique de ces cat\u00e9gories que le pays accueillera du 16 au 20 avril.Nouveau mat\u00e9riel dont un chrono \u00e9lectrique utilis\u00e9 dans les grandes comp\u00e9titions internationales, des officiels \u00e9trangers, la [&hellip;]<\/p>\n","protected":false},"author":1965,"featured_media":0,"comment_status":"closed","ping_status":"closed","sticky":false,"template":"","format":"standard","meta":{"fifu_image_url":"","fifu_image_alt":"","footnotes":""},"categories":[73,82],"tags":[],"class_list":["post-26517","post","type-post","status-publish","format-standard","hentry","category-actualite","category-cameroun"],"_links":{"self":[{"href":"https:\/\/linitiative.ca\/International\/wp-json\/wp\/v2\/posts\/26517","targetHints":{"allow":["GET"]}}],"collection":[{"href":"https:\/\/linitiative.ca\/International\/wp-json\/wp\/v2\/posts"}],"about":[{"href":"https:\/\/linitiative.ca\/International\/wp-json\/wp\/v2\/types\/post"}],"author":[{"embeddable":true,"href":"https:\/\/linitiative.ca\/International\/wp-json\/wp\/v2\/users\/1965"}],"replies":[{"embeddable":true,"href":"https:\/\/linitiative.ca\/International\/wp-json\/wp\/v2\/comments?post=26517"}],"version-history":[{"count":0,"href":"https:\/\/linitiative.ca\/International\/wp-json\/wp\/v2\/posts\/26517\/revisions"}],"wp:attachment":[{"href":"https:\/\/linitiative.ca\/International\/wp-json\/wp\/v2\/media?parent=26517"}],"wp:term":[{"taxonomy":"category","embeddable":true,"href":"https:\/\/linitiative.ca\/International\/wp-json\/wp\/v2\/categories?post=26517"},{"taxonomy":"post_tag","embeddable":true,"href":"https:\/\/linitiative.ca\/International\/wp-json\/wp\/v2\/tags?post=26517"}],"curies":[{"name":"wp","href":"https:\/\/api.w.org\/{rel}","templated":true}]}}