{"id":26542,"date":"2019-04-08T07:47:37","date_gmt":"2019-04-08T11:47:37","guid":{"rendered":"https:\/\/linitiative.ca\/International\/agadir-477-athletes-a-la-coupe-du-president-de-la-federation-internationale-de-taekwondo\/"},"modified":"2019-04-08T07:47:37","modified_gmt":"2019-04-08T11:47:37","slug":"agadir-477-athletes-a-la-coupe-du-president-de-la-federation-internationale-de-taekwondo","status":"publish","type":"post","link":"https:\/\/linitiative.ca\/International\/agadir-477-athletes-a-la-coupe-du-president-de-la-federation-internationale-de-taekwondo\/","title":{"rendered":"Agadir : 477 athl\u00e8tes \u00e0 la Coupe du pr\u00e9sident de la F\u00e9d\u00e9ration internationale de taekwondo"},"content":{"rendered":"<p><img decoding=\"async\" class=\"post_layout_5_img\" src=\"http:\/\/aujourdhui.ma\/wp-content\/uploads\/2019\/04\/taekwondo.jpg?x29840\" alt=\"Agadir : 477 athl\u00e8tes \u00e0 la Coupe du pr\u00e9sident de la F\u00e9d\u00e9ration internationale de taekwondo\"\/><\/p>\n<p class=\"p1\"><span class=\"c4\"><strong><em>Chaque m\u00e9daill\u00e9 d\u2019or re\u00e7oit 20 points<\/em><\/strong><\/span> <span id=\"more-308936\"\/><\/p>\n<div class=\"base-box mom_box_sc_custom mom_box_sc clear c5\" readability=\"10\">\n<p class=\"p1\">Les taekwondo\u00efstes africains pourront b\u00e9n\u00e9ficier de l\u2019\u00e9v\u00e9nement pour r\u00e9colter des points et am\u00e9liorer leur classement mondial avant les Championnats du monde, qui auront lieu le mois prochain \u00e0 Manchester en Grande-Bretagne.<\/p>\n<\/div>\n<p class=\"p2\"><span class=\"s1\">La ville d\u2019Agadir a abrit\u00e9 du 5 au 7 avril la Coupe du pr\u00e9sident de la F\u00e9d\u00e9ration internationale de taekwondo. Cette manifestation a connu une grande participation avec pr\u00e8s de 477 athl\u00e8tes repr\u00e9sentant 45 pays, ce qui refl\u00e8te l\u2019importance de cette comp\u00e9tition comptant pour la qualification aux Jeux olympiques (JO) de Tokyo 2020.<\/span><\/p>\n<p class=\"p2\"><span class=\"s1\">Ce tournoi, class\u00e9 G2 au calendrier de la F\u00e9d\u00e9ration mondiale de taekwondo, offre 20 points \u00e0 chaque m\u00e9daill\u00e9 d\u2019or. Des points tr\u00e8s importants pour am\u00e9liorer le classement mondial et olympique des athl\u00e8tes dans une ann\u00e9e d\u00e9cisive pour la qualification olympique.<\/span><\/p>\n<p class=\"p2\"><span class=\"s1\"><em>\u00abCette comp\u00e9tition est d\u2019une grande importance pour tous les athl\u00e8tes et surtout les taekwondo\u00efstes africains qui pourront b\u00e9n\u00e9ficier de l\u2019\u00e9v\u00e9nement pour r\u00e9colter des points et am\u00e9liorer leur classement mondial avant les Championnats du monde, qui auront lieu le mois prochain \u00e0 Manchester en Grande-Bretagne\u00bb<\/em>, affirme Ahmad Fouly, pr\u00e9sident de la F\u00e9d\u00e9ration africaine de taekwondo et vice-pr\u00e9sident de la F\u00e9d\u00e9ration mondiale.<\/span><\/p>\n<p class=\"p2\"><span class=\"s1\">Les membres du conseil d\u2019administration de la F\u00e9d\u00e9ration africaine de taekwondo (WTAF) \u00e9taient pr\u00e9sents au tournoi pour assister \u00e0 l\u2019assembl\u00e9e g\u00e9n\u00e9rale de la F\u00e9d\u00e9ration africaine tenue en marge de la comp\u00e9tition. <em>\u00abCette manifestation se d\u00e9roule tous les 2 ans. Durant ce meeting nous allons planifier notre programme pour les 2 prochaines ann\u00e9es\u00bb<\/em>, confie M. Fouly.<\/span><\/p>\n<p class=\"p2\"><span class=\"s1\">Ainsi, le tournoi a vu la pr\u00e9sence d\u2019Ahmad Fouly, Idriss Al-Hilali, vice-pr\u00e9sident de la WTAF, Ide Issaka, premier vice-pr\u00e9sident de la WTAF et membre \u00e0 la F\u00e9d\u00e9ration mondiale.<\/span><\/p>\n<p>Auteur: Mohamed Laabid<br \/>\n<a href=\"http:\/\/aujourdhui.ma\/sports\/agadir-477-athletes-a-la-coupe-du-president-de-la-federation-internationale-de-taekwondo\">Cliquez ici pour lire l&rsquo;article depuis sa source.<\/a><\/p>\n","protected":false},"excerpt":{"rendered":"<p>Chaque m\u00e9daill\u00e9 d\u2019or re\u00e7oit 20 points Les taekwondo\u00efstes africains pourront b\u00e9n\u00e9ficier de l\u2019\u00e9v\u00e9nement pour r\u00e9colter des points et am\u00e9liorer leur classement mondial avant les Championnats du monde, qui auront lieu le mois prochain \u00e0 Manchester en Grande-Bretagne. La ville d\u2019Agadir a abrit\u00e9 du 5 au 7 avril la Coupe du pr\u00e9sident de la F\u00e9d\u00e9ration internationale [&hellip;]<\/p>\n","protected":false},"author":1759,"featured_media":0,"comment_status":"closed","ping_status":"closed","sticky":false,"template":"","format":"standard","meta":{"fifu_image_url":"","fifu_image_alt":"","footnotes":""},"categories":[73,54],"tags":[],"class_list":["post-26542","post","type-post","status-publish","format-standard","hentry","category-actualite","category-maroc"],"_links":{"self":[{"href":"https:\/\/linitiative.ca\/International\/wp-json\/wp\/v2\/posts\/26542","targetHints":{"allow":["GET"]}}],"collection":[{"href":"https:\/\/linitiative.ca\/International\/wp-json\/wp\/v2\/posts"}],"about":[{"href":"https:\/\/linitiative.ca\/International\/wp-json\/wp\/v2\/types\/post"}],"author":[{"embeddable":true,"href":"https:\/\/linitiative.ca\/International\/wp-json\/wp\/v2\/users\/1759"}],"replies":[{"embeddable":true,"href":"https:\/\/linitiative.ca\/International\/wp-json\/wp\/v2\/comments?post=26542"}],"version-history":[{"count":0,"href":"https:\/\/linitiative.ca\/International\/wp-json\/wp\/v2\/posts\/26542\/revisions"}],"wp:attachment":[{"href":"https:\/\/linitiative.ca\/International\/wp-json\/wp\/v2\/media?parent=26542"}],"wp:term":[{"taxonomy":"category","embeddable":true,"href":"https:\/\/linitiative.ca\/International\/wp-json\/wp\/v2\/categories?post=26542"},{"taxonomy":"post_tag","embeddable":true,"href":"https:\/\/linitiative.ca\/International\/wp-json\/wp\/v2\/tags?post=26542"}],"curies":[{"name":"wp","href":"https:\/\/api.w.org\/{rel}","templated":true}]}}